{"id":4018,"date":"2023-03-29T06:04:12","date_gmt":"2023-03-29T05:04:12","guid":{"rendered":"https:\/\/www.perille.fi\/blog\/?p=4018"},"modified":"2023-06-05T09:49:37","modified_gmt":"2023-06-05T08:49:37","slug":"kesan-2023-festarit","status":"publish","type":"post","link":"https:\/\/wp.perille.fi\/index.php\/2023\/03\/29\/kesan-2023-festarit\/","title":{"rendered":"Kes\u00e4n 2023 festarit"},"content":{"rendered":"\n<figure class=\"wp-block-image size-full\"><img data-attachment-id=\"4076\" data-permalink=\"https:\/\/wp.perille.fi\/index.php\/2023\/03\/29\/kesan-2023-festarit\/festari_4-1\/\" data-orig-file=\"https:\/\/i0.wp.com\/wp.perille.fi\/wp-content\/uploads\/2023\/03\/Festari_4.1.png?fit=1024%2C640&amp;ssl=1\" data-orig-size=\"1024,640\" data-comments-opened=\"1\" data-image-meta=\"{&quot;aperture&quot;:&quot;0&quot;,&quot;credit&quot;:&quot;&quot;,&quot;camera&quot;:&quot;&quot;,&quot;caption&quot;:&quot;&quot;,&quot;created_timestamp&quot;:&quot;0&quot;,&quot;copyright&quot;:&quot;&quot;,&quot;focal_length&quot;:&quot;0&quot;,&quot;iso&quot;:&quot;0&quot;,&quot;shutter_speed&quot;:&quot;0&quot;,&quot;title&quot;:&quot;&quot;,&quot;orientation&quot;:&quot;0&quot;}\" data-image-title=\"Festari_4.1\" data-image-description=\"\" data-image-caption=\"\" data-medium-file=\"https:\/\/i0.wp.com\/wp.perille.fi\/wp-content\/uploads\/2023\/03\/Festari_4.1.png?fit=300%2C188&amp;ssl=1\" data-large-file=\"https:\/\/i0.wp.com\/wp.perille.fi\/wp-content\/uploads\/2023\/03\/Festari_4.1.png?fit=986%2C616&amp;ssl=1\" loading=\"lazy\" width=\"986\" height=\"616\" src=\"https:\/\/i0.wp.com\/www.perille.fi\/blog\/wp-content\/uploads\/2023\/03\/Festari_4.1.png?resize=986%2C616&#038;ssl=1\" alt=\"\" class=\"wp-image-4076\" srcset=\"https:\/\/i0.wp.com\/wp.perille.fi\/wp-content\/uploads\/2023\/03\/Festari_4.1.png?w=1024&amp;ssl=1 1024w, https:\/\/i0.wp.com\/wp.perille.fi\/wp-content\/uploads\/2023\/03\/Festari_4.1.png?resize=300%2C188&amp;ssl=1 300w, https:\/\/i0.wp.com\/wp.perille.fi\/wp-content\/uploads\/2023\/03\/Festari_4.1.png?resize=768%2C480&amp;ssl=1 768w\" sizes=\"(max-width: 986px) 100vw, 986px\" data-recalc-dims=\"1\" \/><\/figure>\n\n\n\n<p class=\"has-medium-font-size\">Kes\u00e4n 2023 festarit ja kes\u00e4tapahtumat k\u00e4tev\u00e4sti yhteenkoottuna!&nbsp;Kun matkustat kes\u00e4n tapahtumiin, hae paras matka <a href=\"https:\/\/www.perille.fi\/fi?utm_source=perille-blog&amp;utm_medium=link&amp;utm_campaign=festarit-2021-nama-festarit-on-suunnitteilla-tana-kesana\" target=\"_blank\" rel=\"noreferrer noopener\"><mark style=\"background-color:rgba(0, 0, 0, 0);color:#b20066\" class=\"has-inline-color\">Perille.fi<\/mark><\/a>-palvelun avulla.<\/p>\n\n\n\n<p>T\u00e4m\u00e4 artikkeli on p\u00e4ivitettyu 1.6.2023 ja tarkistimme festareiden tilanteen t\u00e4ll\u00f6in. Kannattaa varmistaa festareiden toteutuminen j\u00e4rjest\u00e4jien nettisivuilta, josta l\u00f6ytyy ajankohtaisin tieto. Yleinen k\u00e4yt\u00e4nt\u00f6 festareilla on, ett\u00e4 festareiden peruuntuessa lipusta voi saada rahat takaisin tai lipun voi k\u00e4ytt\u00e4\u00e4 seuraavana vuonna.<\/p>\n\n\n\n<!--more-->\n\n\n\n<h2>Festarit kes\u00e4kuussa 2023<\/h2>\n\n\n\n<h3>ROCKFEST 8.\u201310.6.2023<\/h3>\n\n\n\n<p>Suomen suurin rock-festivaali Rockfest Hyvink\u00e4\u00e4n lentokent\u00e4ll\u00e4 starttaa festivaalikes\u00e4n 8.-10.6.2023.<br>Kolmena p\u00e4iv\u00e4n\u00e4 soivat kolmella lavalla rock ja metalli 30 esiintyj\u00e4n voimin. Esiintym\u00e4ss\u00e4 mm. Pantera,  Def Leppard, M\u00f6tley Cr\u00fce, Testament, Stratovarius, Stam1na, Escape the Fate, Von Hertzen Brothers, Rancid, VV, Battle Beast, The 69 Eyes, Crashd\u00efet<strong>, <\/strong>Volbeat, Danzig, The Hellacopters, Beast in Black, Igorrr, Popeda, Turmion K\u00e4til\u00f6t, Michael Monroe, Monster Magnet, Sick of It All ja Steve \u2018n Seagulls.<\/p>\n\n\n\n<p><strong><mark style=\"background-color:rgba(0, 0, 0, 0);color:#b20066\" class=\"has-inline-color\"><a href=\"https:\/\/rockfest.fi\/\">rockfest.fi<\/a><\/mark><\/strong>,&nbsp;<em>Hyvink\u00e4\u00e4n lentokentt\u00e4, Hyvink\u00e4\u00e4<\/em>,<a href=\"https:\/\/www.perille.fi\/fi?utm_source=perille-blog&amp;utm_medium=link&amp;utm_campaign=festarit-2023&amp;to=kaarina\" target=\"_blank\" rel=\"noreferrer noopener\">&nbsp;<\/a><strong><mark style=\"background-color:rgba(0, 0, 0, 0);color:#b20066\" class=\"has-inline-color\"><a href=\"https:\/\/www.perille.fi\/fi?utm_source=perille-blog&amp;utm_medium=link&amp;utm_campaign=festarit-2023&amp;to=hyvink\u00e4\u00e4\" target=\"_blank\" rel=\"noreferrer noopener\">L\u00f6yd\u00e4 bussit ja junat<\/a><\/mark><\/strong><\/p>\n\n\n\n<h3>SIDEWAYS 8.\u201310.6.2023<\/h3>\n\n\n\n<p>Sideways on Helsingin festarikes\u00e4n avaava kolmip\u00e4iv\u00e4inen festivaali, jonka ohjelmisto koostuu monipuolisesta musiikkikattauksesta, hauskoista&nbsp;alueaktiviteeteista sek\u00e4&nbsp;laadukkaasta ruoka- ja juomatarjonnasta. Sidewaysissa koet Helsingin&nbsp;parhaat puolet yhden viikonlopun aikana! Esiintym\u00e4ss\u00e4 mm. Phoenix, Fever Ray, Paperi T, Sin Cos Tan, Nelma U, Linda Fredriksson Juniper, Suzanne Ciani, M83, The Comet Is Coming, W\u00f6yh!, Panda Bear &amp; Sonic Boom, Jehnny Beth ja Supersilent.<\/p>\n\n\n\n<p><strong><mark style=\"background-color:rgba(0, 0, 0, 0);color:#b20066\" class=\"has-inline-color\"><a href=\"https:\/\/sidewayshelsinki.fi\/\" target=\"_blank\" rel=\"noreferrer noopener\">sidewayshelsinki.fi<\/a><\/mark><\/strong>,&nbsp;<em>Nordenski\u00f6ldinkatu 11-13, Helsinki<\/em>,<a href=\"https:\/\/www.perille.fi\/fi?utm_source=perille-blog&amp;utm_medium=link&amp;utm_campaign=festarit-2023&amp;to=kaarina\" target=\"_blank\" rel=\"noreferrer noopener\">&nbsp;<\/a><strong><mark style=\"background-color:rgba(0, 0, 0, 0);color:#b20066\" class=\"has-inline-color\"><a href=\"https:\/\/www.perille.fi\/fi?utm_source=perille-blog&amp;utm_medium=link&amp;utm_campaign=festarit-2023&amp;to=helsinki\" target=\"_blank\" rel=\"noreferrer noopener\">L\u00f6yd\u00e4 bussit ja junat<\/a><\/mark><\/strong><\/p>\n\n\n\n<h3>Madfest 9.\u201310.6.2023<\/h3>\n\n\n\n<p>Ensimm\u00e4ist\u00e4 kertaa j\u00e4rjestett\u00e4v\u00e4&nbsp;MadFest&nbsp;tuo komean kattauksen rock- ja metal-yhtyeit\u00e4 keskelle idyllist\u00e4 Runnin maisemaa 9.-10.6.2023. Viikonlopun musiikkikattaus ei j\u00e4t\u00e4 taatusti ket\u00e4\u00e4n kylm\u00e4ksi. Esiintym\u00e4ss\u00e4 mm. Reckless Love,&nbsp;Crimson Day,&nbsp;Turmion k\u00e4til\u00f6t,&nbsp;Korpiklaani, K\u00e4tfish,&nbsp;Aston Kalmari,&nbsp;Steve &#8216;n&#8217; Seagulls&nbsp;ja&nbsp;Sonata Arctica!&nbsp;<\/p>\n\n\n\n<p><strong><mark style=\"background-color:rgba(0, 0, 0, 0);color:#b20066\" class=\"has-inline-color\"><a href=\"https:\/\/madfest.fi\/\" target=\"_blank\" rel=\"noreferrer noopener\">madfest.fi<\/a><\/mark><\/strong>,&nbsp;<em>Runnintie 407, Runni<\/em>, <strong><mark style=\"background-color:rgba(0, 0, 0, 0);color:#b20066\" class=\"has-inline-color\"><a href=\"https:\/\/www.perille.fi\/fi?utm_source=perille-blog&amp;utm_medium=link&amp;utm_campaign=festarit-2023&amp;to=runni\" target=\"_blank\" rel=\"noreferrer noopener\">L\u00f6yd\u00e4 bussit ja junat<\/a><\/mark><\/strong><\/p>\n\n\n\n<h3>SAARISTO FESTIVAALI 9.\u201310.6.2023<\/h3>\n\n\n\n<p>Saaristo Open -festivaali sai uuden nimen Saaristo. Kaksip\u00e4iv\u00e4inen festari j\u00e4rjestet\u00e4\u00e4n Kaarinan Hovirinnan Rantapuistossa. T\u00e4n\u00e4 vuonna soitetaan musiikkia kolmelta lavalta. Esiintym\u00e4ss\u00e4 mm. Samu Haber, Michael Monroe, Haloo Helsinki!, Blind Channel, Maija Vilkkumaa,<strong> <\/strong>Yeboyah ja Jesse Markin.<\/p>\n\n\n\n<p><strong><mark style=\"background-color:rgba(0, 0, 0, 0);color:#b20066\" class=\"has-inline-color\"><a href=\"https:\/\/saaristofestivaali.fi\/\">saaristofestivaali.fi<\/a><\/mark><\/strong>,\u00a0<em>Hovirinnan ranta, Kaarina<\/em>,<a href=\"https:\/\/www.perille.fi\/fi?utm_source=perille-blog&amp;utm_medium=link&amp;utm_campaign=festarit-2023&amp;to=kaarina\" target=\"_blank\" rel=\"noreferrer noopener\">\u00a0<strong><mark style=\"background-color:rgba(0, 0, 0, 0);color:#b20066\" class=\"has-inline-color\">L\u00f6yd\u00e4 bussit ja junat<\/mark><\/strong><\/a><\/p>\n\n\n\n<h3>Sound FEST 9.\u201310.6.2023<\/h3>\n\n\n\n<p>SOUNDFEST\u00a0on monipuolinen hiphop\/pop genren musiikkifestivaali. Loistava kattaus mielenkiintoisia kotimaisia artisteja, viihtyis\u00e4 ja koko Etel\u00e4-Suomen kaunein tapahtumaymp\u00e4rist\u00f6 takaavat yleis\u00f6lle nautinnollisen festarikokemuksen. Esiintym\u00e4ss\u00e4 mm. LILBRO, BESS, Cledos, Inna, Gettomasa, Business City, Portion Boys, ABREU ja Sexmane.<\/p>\n\n\n\n<p><strong><mark style=\"background-color:rgba(0, 0, 0, 0);color:#b20066\" class=\"has-inline-color\"><a href=\"https:\/\/www.soundfest.fi\/\" target=\"_blank\" rel=\"noreferrer noopener\">soundfest.fi<\/a><\/mark><\/strong>,\u00a0<em>Ritaniemenkatu 10, Lahti<\/em>, <strong><mark style=\"background-color:rgba(0, 0, 0, 0);color:#b20066\" class=\"has-inline-color\"><a href=\"https:\/\/www.perille.fi\/fi?utm_source=perille-blog&amp;utm_medium=link&amp;utm_campaign=festarit-2023&amp;to=lahti\" target=\"_blank\" rel=\"noreferrer noopener\">L\u00f6yd\u00e4 bussit ja junat<\/a><\/mark><\/strong><\/p>\n\n\n\n<h3>KUOPIO TANSSII JA SOI&nbsp;14-20.6.2023<\/h3>\n\n\n\n<p>Tanssiin keskittyv\u00e4 festivaali Kuopiossa. Aamu-Taiji, tanssijamit lapsille, TanssiMaraton, taiteilijatapaamiset, Salsabileet jne. Tarkempi ohjelma tapahtuman kotisivuilta.<\/p>\n\n\n\n<p><strong><mark style=\"background-color:rgba(0, 0, 0, 0);color:#b20066\" class=\"has-inline-color\"><a href=\"https:\/\/www.kuopiodancefestival.fi\/\" target=\"_blank\" rel=\"noreferrer noopener\">kuopiodancefestival.fi<\/a><\/mark><\/strong><em> Kuopio<\/em>, <a href=\"https:\/\/www.perille.fi\/fi?utm_source=perille-blog&amp;utm_medium=link&amp;utm_campaign=festarit-2023&amp;to=kuopio\">&nbsp;<strong><mark style=\"background-color:rgba(0, 0, 0, 0);color:#b20066\" class=\"has-inline-color\">L\u00f6yd\u00e4 bussit ja junat<\/mark><\/strong><\/a><\/p>\n\n\n\n<h3>FREESI FEST 16.\u201317.6.2023<\/h3>\n\n\n\n<p>Freesi Fest&nbsp;saapuu j\u00e4lleen Liedon syd\u00e4meen 16.-17.6.2023 rentona, raikkaana ja tuoreena kes\u00e4isen\u00e4 tuulahduksena t\u00e4ynn\u00e4 musiikin ja yhdess\u00e4olon riemua!&nbsp;Esiintym\u00e4ss\u00e4 festareilla mm. Eini, Kasmir, Poju, Miljoonasade ja Aikakone.<\/p>\n\n\n\n<p><strong><mark style=\"background-color:rgba(0, 0, 0, 0);color:#b20066\" class=\"has-inline-color\"><a href=\"https:\/\/www.freesi.info\/\">freesi.info<\/a><\/mark><\/strong>, <em>Hyv\u00e4ttyl\u00e4ntie 8, Lieto<\/em>, <mark style=\"background-color:rgba(0, 0, 0, 0);color:#b20066\" class=\"has-inline-color\"><strong><a href=\"https:\/\/www.perille.fi\/fi?utm_source=perille-blog&amp;utm_medium=link&amp;utm_campaign=festarit-2023&amp;to=lieto\" target=\"_blank\" rel=\"noreferrer noopener\">L\u00f6yd\u00e4 bussit ja junat<\/a><\/strong><\/mark><\/p>\n\n\n\n<h3>LPRHC FEST 16.\u201317.6.2023<\/h3>\n\n\n\n<p>Kaksip\u00e4iv\u00e4inen vaihtoehtomusiikkiin keskittynyt LPRHC Fest palaa v\u00e4livuoden j\u00e4lkeen Lappeenrannan Huhtiniemeen 16. &#8211; 17.6.2023. Festivaalin musiikillinen linja on tuttuun tapaan monipuolinen keitos punkia, hardcorea, indierockia ja hiphopia. Esiintym\u00e4ss\u00e4 mm. Atomirotta, Foreseen, Joni Ekman Group, Kissa, Likaiset Pikkarit, One Hidden Frame&nbsp;ja&nbsp;Puhelinseksi.<\/p>\n\n\n\n<p><strong><mark style=\"background-color:rgba(0, 0, 0, 0);color:#b20066\" class=\"has-inline-color\"><a href=\"http:\/\/www.lprhcfest.com\/\" target=\"_blank\" rel=\"noreferrer noopener\">lprhcfest.com<\/a><\/mark><\/strong>, <em>Huhtiniemi, Lappeenranta<\/em>, <mark style=\"background-color:rgba(0, 0, 0, 0);color:#b20066\" class=\"has-inline-color\"><strong><a href=\"https:\/\/www.perille.fi\/fi?utm_source=perille-blog&amp;utm_medium=link&amp;utm_campaign=festarit-2023&amp;to=lappeenranta\" target=\"_blank\" rel=\"noreferrer noopener\">L\u00f6yd\u00e4 bussit ja junat<\/a><\/strong><\/mark><\/p>\n\n\n\n<h3>RADIO NOVA FESTIVAALI 16.\u201317.6.2023<\/h3>\n\n\n\n<p>Radio Nova -festivaalin p\u00e4\u00e4t\u00e4hdiksi Black Eyed Peas ja Adam Lambert. Suuri joukko maamme kirkkaimpiin t\u00e4htiin lukeutuvia artisteja, kuten Samu Haber, Juha Tapio, Apulanta, Gettomasa, Gasellit, ABREU, Elastinen, The Rasmus ja Kuumaa nousevat Helsingin Suvilahdessa 16.-17. kes\u00e4kuuta pidett\u00e4v\u00e4n Radio Nova Festivaalin lavalle.<\/p>\n\n\n\n<p><strong><mark style=\"background-color:rgba(0, 0, 0, 0);color:#b20066\" class=\"has-inline-color\"><a href=\"https:\/\/www.radionova.fi\/kilpailut\/radio-nova-festivaali-1782\">radionova.fi<\/a><\/mark><\/strong>, <em>Suvilahti, Helsinki<\/em>, <strong><mark style=\"background-color:rgba(0, 0, 0, 0);color:#b20066\" class=\"has-inline-color\"><a href=\"https:\/\/www.perille.fi\/fi?utm_source=perille-blog&amp;utm_medium=link&amp;utm_campaign=festarit-2023&amp;to=helsinki\" target=\"_blank\" rel=\"noreferrer noopener\">L\u00f6yd\u00e4 bussit ja junat<\/a><\/mark><\/strong><\/p>\n\n\n\n<h3>SUN PAMPAS 16.\u201317.6.2023<\/h3>\n\n\n\n<p>Sun Pampasta vietet\u00e4\u00e4n tuttuun tapaan Ylivieskan j\u00e4\u00e4hallilla ja sen l\u00e4hiymp\u00e4rist\u00f6ss\u00e4. Tapahtuman juontaa karismaattinen Sami Kuronen!&nbsp;Artisiteina t\u00e4n\u00e4 vuonna n\u00e4hd\u00e4\u00e4n muun muassa Ramses II, BESS, Suvi Ter\u00e4sniska, Erika Vikman ja Portion Boys.<\/p>\n\n\n\n<p><mark style=\"background-color:rgba(0, 0, 0, 0);color:#b20066\" class=\"has-inline-color\"><a href=\"https:\/\/sunpampas.fi\" target=\"_blank\" rel=\"noreferrer noopener\"><strong>sunpampas.fi<\/strong><\/a><\/mark>, <em> Ylivieska<\/em>, <strong><a href=\"https:\/\/www.perille.fi\/fi?utm_source=perille-blog&amp;utm_medium=link&amp;utm_campaign=festarit-2021-nama-festarit-on-suunnitteilla-tana-kesana\" target=\"_blank\" rel=\"noreferrer noopener\"><\/a><a href=\"https:\/\/www.perille.fi\/fi?utm_source=perille-blog&amp;utm_medium=link&amp;utm_campaign=festarit-2023&amp;to=kuopio\">\u00a0<\/a><strong><mark style=\"background-color:rgba(0, 0, 0, 0);color:#b20066\" class=\"has-inline-color\"><a href=\"https:\/\/www.perille.fi\/fi?utm_source=perille-blog&amp;utm_medium=link&amp;utm_campaign=festarit-2023&amp;to=ylivieska\" target=\"_blank\" rel=\"noreferrer noopener\">L\u00f6yd\u00e4 bussit ja junat<\/a><\/mark><\/strong><\/strong><\/p>\n\n\n\n<h3>TUHDIMMAT TAHDIT 16.\u201317.6.2023<\/h3>\n\n\n\n<p>Tuhdimmat Tahdit -metallifestivaali j\u00e4rjestet\u00e4\u00e4n t\u00e4n\u00e4 kes\u00e4n\u00e4 ensimm\u00e4ist\u00e4 kertaa Tampereella. Vuosina 2010\u201313 ja 2022 tapahtuma j\u00e4rjestettiin Nokialla. Esiintym\u00e4ss\u00e4 festareilla mm. Beast In Black, Dead By April,&nbsp;Lordi, Dynazty, Verikalpa, Battle Beast, Mokoma \u2013 Kurimus 20 vuotta, Turmion K\u00e4til\u00f6t ja Before The Dawn.<\/p>\n\n\n\n<p><strong><mark style=\"background-color:rgba(0, 0, 0, 0);color:#b20066\" class=\"has-inline-color\"><a href=\"https:\/\/tuhdimmattahdit.com\/\">tuhdimmattahdit.com<\/a><\/mark><\/strong>, <em>Ratinanniemen puisto, Tampere<\/em>, <strong><mark style=\"background-color:rgba(0, 0, 0, 0);color:#b20066\" class=\"has-inline-color\"><a href=\"https:\/\/www.perille.fi\/fi?utm_source=perille-blog&amp;utm_medium=link&amp;utm_campaign=festarit-2023&amp;to=tampere\">L\u00f6yd\u00e4 bussit ja junat<\/a><\/mark><\/strong><\/p>\n\n\n\n<h3>VARJO 16.\u201317.6.2023<\/h3>\n\n\n\n<p>Vaihtoehtoisen musiikin, taiteen ja urbaanin kulttuurin festivaali Varjo j\u00e4rjestet\u00e4\u00e4n jo nelj\u00e4tt\u00e4 kertaa Oulun Kuusisaaressa. Varjo on muuttanut kes\u00e4kauden alkuun, ja t\u00e4n\u00e4 vuonna Varjoja vietet\u00e4\u00e4n 16.\u201317.6.2023. Kahden p\u00e4iv\u00e4n aikana Varjossa n\u00e4hd\u00e4\u00e4n kotimaisia ja ulkomaisia esiintyji\u00e4 kahdella lavalla. Musiikin lis\u00e4ksi Varjo tarjoilee katutanssia, taidetta, hyv\u00e4\u00e4 ruokaa ja juomaa piknik-hengess\u00e4. Esiintym\u00e4ss\u00e4 mm. Scandinavian Music Group, Yona, Eevil St\u00f6\u00f6 + Stepa, Dumari &amp; Spuget ja Blosarit, Gasellit ja Samuli Putro.<\/p>\n\n\n\n<p><strong><mark style=\"background-color:rgba(0, 0, 0, 0);color:#b20066\" class=\"has-inline-color\"><a href=\"https:\/\/www.varjofestivaali.fi\/\">varjofestivaali.fi<\/a><\/mark><\/strong>, <em>Kuusisaari, Oulu<\/em>, <strong><mark style=\"background-color:rgba(0, 0, 0, 0);color:#b20066\" class=\"has-inline-color\"><a href=\"https:\/\/www.perille.fi\/fi?utm_source=perille-blog&amp;utm_medium=link&amp;utm_campaign=festarit-2023&amp;to=oulu\">L\u00f6yd\u00e4 bussit ja junat<\/a><\/mark><\/strong><\/p>\n\n\n\n<h3>RantaFest 17.6.2023<\/h3>\n\n\n\n<p>Tervetuloa l\u00e4mpim\u00e4sti Rantamestan ikiomien Rantafestien tunnelmiin! Esiintym\u00e4ss\u00e4 mm. Poju, Vicky Rosti ja Waldo&#8217;s People.<\/p>\n\n\n\n<p><strong><mark style=\"background-color:rgba(0, 0, 0, 0);color:#b20066\" class=\"has-inline-color\"><a href=\"https:\/\/www.rantamesta.fi\/159-2\/\" target=\"_blank\" rel=\"noreferrer noopener\">rantamesta.fi<\/a><\/mark><\/strong>, <em>Vuolenkosken Rantamesta, Vuolenkoskentie 1476, Vuolenkoski<\/em>, <strong><mark style=\"background-color:rgba(0, 0, 0, 0);color:#b20066\" class=\"has-inline-color\"><a href=\"https:\/\/www.perille.fi\/fi?utm_source=perille-blog&amp;utm_medium=link&amp;utm_campaign=festarit-2023&amp;to=vuolenkoski\" target=\"_blank\" rel=\"noreferrer noopener\">L\u00f6yd\u00e4 bussit ja junat<\/a><\/mark><\/strong><\/p>\n\n\n\n<h3><mark style=\"background-color:rgba(0, 0, 0, 0)\" class=\"has-inline-color has-black-color\">NUMMIROCK 21.\u201324.6.202<\/mark>3<\/h3>\n\n\n\n<p>Perinteinen raskaampi juhannusjuhla vietet\u00e4\u00e4n j\u00e4lleen Nummij\u00e4rvell\u00e4 nelip\u00e4iv\u00e4isen\u00e4 21.-24.6.2023. Esiintym\u00e4ss\u00e4 mm. Behemoth, Asking Alexandria, Bloodywood,  Born of Osiris, Chronoform, Finntroll, Foreseen,  Maj Karma, Stam1na, Ruoska, Turmion K\u00e4til\u00f6t ja Varjolai.<\/p>\n\n\n\n<p><strong><mark style=\"background-color:rgba(0, 0, 0, 0);color:#b20066\" class=\"has-inline-color\"><a href=\"https:\/\/www.nummirock.fi\/\">nummirock.fi<\/a><\/mark><\/strong>,&nbsp;<em><em>Nummij\u00e4rvi, Kauhajoki<\/em><\/em>,&nbsp;<strong><mark style=\"background-color:rgba(0, 0, 0, 0);color:#b20066\" class=\"has-inline-color\"><a href=\"https:\/\/www.perille.fi\/fi?utm_source=perille-blog&amp;utm_medium=link&amp;utm_campaign=festarit-2023&amp;to=kauhajoki\" target=\"_blank\" rel=\"noreferrer noopener\">L\u00f6yd\u00e4 bussit ja junat<\/a><\/mark><\/strong><\/p>\n\n\n\n<h3>HIMOS JUHANNUS 22.\u201324.6.2023<\/h3>\n\n\n\n<p>Suomen suurimman juhannusfestarin lavalle nousevat mm.&nbsp;Antti Tuisku, Apulanta, JVG, Gettomasa, Elastinen, Gasellit, Portion Boys, Erika Vikman, Teflon Brothers, Sexmane, BESS, Cledos, Petri Nyg\u00e5rd, Mikael Gabriel ja Isac Elliot.<\/p>\n\n\n\n<p><strong><mark style=\"background-color:rgba(0, 0, 0, 0);color:#b20066\" class=\"has-inline-color\"><a href=\"https:\/\/www.nummirock.fi\/\">himosjuhannus.fi<\/a><\/mark><\/strong>, <em>L\u00e4nsi-himoksentie 4, J\u00e4ms\u00e4<\/em>, <strong><mark style=\"background-color:rgba(0, 0, 0, 0);color:#b20066\" class=\"has-inline-color\"><a href=\"https:\/\/www.perille.fi\/fi?utm_source=perille-blog&amp;utm_medium=link&amp;utm_campaign=festarit-2023&amp;to=j\u00e4ms\u00e4\" target=\"_blank\" rel=\"noreferrer noopener\">L\u00f6yd\u00e4 bussit ja juna<\/a><a href=\"https:\/\/www.perille.fi\/fi?utm_source=perille-blog&amp;utm_medium=link&amp;utm_campaign=festarit-2021-nama-festarit-on-suunnitteilla-tana-kesana\" target=\"_blank\" rel=\"noreferrer noopener\">t<\/a><\/mark><\/strong><\/p>\n\n\n\n<h3>RMJ 22.\u201324.6.2023<\/h3>\n\n\n\n<p>Suomen suurimmat rantabileet koetaan liven\u00e4 j\u00e4lleen Raumalla\u202f22.\u201324.6., kun RMJ tuo\u202fbeach-festivaalin tunnelman, parhaan juhannusyleis\u00f6n sek\u00e4 kansainv\u00e4liset ja kotimaiset huippuartistit\u202fOtanlahden\u202frantapuistoon keskikes\u00e4n korvalla. Esiintym\u00e4ss\u00e4 mm. Masked Wolf, JVG, Gasellit, Lost Frequenses, Sexmane, J\u00fcbel, Mouhous, Tinze, Jambo, M3NO ja NGHTIME.<\/p>\n\n\n\n<p><strong><mark style=\"background-color:rgba(0, 0, 0, 0);color:#b20066\" class=\"has-inline-color\"><a href=\"https:\/\/rmj.fi\/\" target=\"_blank\" rel=\"noreferrer noopener\">rmj.fi<\/a><\/mark><\/strong>, <em>Otanlahden rantapuisto, Rauma<\/em>, <mark style=\"background-color:rgba(0, 0, 0, 0);color:#b20066\" class=\"has-inline-color\"><strong><a href=\"https:\/\/www.perille.fi\/fi?utm_source=perille-blog&amp;utm_medium=link&amp;utm_campaign=festarit-2023&amp;to=rauma\" target=\"_blank\" rel=\"noreferrer noopener\">L\u00f6yd\u00e4 bussit ja junat<\/a><\/strong><\/mark><\/p>\n\n\n\n<h3>TAHKO JUHANNUS 22.\u201324.6.2023<\/h3>\n\n\n\n<p>Kes\u00e4n kuumin afterski juhlitaan Tahkolla! Savon suurimmat juhannusjuhlat eli Tahko Juhannus juhlitaan kolmip\u00e4iv\u00e4isen\u00e4 Tahkon ytimess\u00e4! Mukana juhlimassa&nbsp;JVG, Haloo Helsinki!, Apulanta, Roope Salminen &amp; Koirat, Mikael Gabriel, VIIVI, Karri Koira, DJ Oku Luukkainen, STIG&nbsp;ja&nbsp;Mouhous!<\/p>\n\n\n\n<p><mark style=\"background-color:rgba(0, 0, 0, 0);color:#b20066\" class=\"has-inline-color\"><strong><a href=\"https:\/\/tahkojuhannus.fi\/\" target=\"_blank\" rel=\"noreferrer noopener\">tahkojuhannus.fi<\/a><\/strong><\/mark>,\u00a0<em>Keitaankatu 1,Tahkovuori<\/em>, <strong><mark style=\"background-color:rgba(0, 0, 0, 0);color:#b20066\" class=\"has-inline-color\"><a href=\"https:\/\/www.perille.fi\/fi?utm_source=perille-blog&amp;utm_medium=link&amp;utm_campaign=festarit-2023&amp;to=tahkovuori\" target=\"_blank\" rel=\"noreferrer noopener\">L\u00f6yd\u00e4 bussit ja junat<\/a><\/mark><\/strong><\/p>\n\n\n\n<h3>VALTTERI FESTIVAL 23.\u201324.6.2023<\/h3>\n\n\n\n<p>Rakastettu kaupunkilaisten juhannusjuhla Valtteri Festival tuo vuonna 2023 Tampereen keskustaan vahvan kattauksen suomalaisen popin ja punkin huippuartisteja. Esiintym\u00e4ss\u00e4 mm. Litku Klemetti, L\u00e4hi\u00f6botox, Ruusut, Aino &amp; Hajonneet, Huora, L\u00e4hi\u00f6botox, Ruusut, Plutonium 74 ja Ville Veikka.<\/p>\n\n\n\n<p><mark style=\"background-color:rgba(0, 0, 0, 0);color:#b20066\" class=\"has-inline-color\"><strong><a href=\"https:\/\/tahkojuhannus.fi\/\" target=\"_blank\" rel=\"noreferrer noopener\">tahkojuhannus.fi<\/a><\/strong><\/mark>,\u00a0<em>Tullikamarin aukio 2,Tampere<\/em>, <strong><mark style=\"background-color:rgba(0, 0, 0, 0);color:#b20066\" class=\"has-inline-color\"><a href=\"https:\/\/www.perille.fi\/fi?utm_source=perille-blog&amp;utm_medium=link&amp;utm_campaign=festarit-2023&amp;to=tampere\" target=\"_blank\" rel=\"noreferrer noopener\">L\u00f6yd\u00e4 bussit ja junat<\/a><\/mark><\/strong><\/p>\n\n\n\n<p><\/p>\n\n\n\n<figure class=\"wp-block-image size-full\"><img data-attachment-id=\"4075\" data-permalink=\"https:\/\/wp.perille.fi\/index.php\/2023\/03\/29\/kesan-2023-festarit\/festari_1-1\/\" data-orig-file=\"https:\/\/i0.wp.com\/wp.perille.fi\/wp-content\/uploads\/2023\/03\/Festari_1.1.png?fit=1024%2C640&amp;ssl=1\" data-orig-size=\"1024,640\" data-comments-opened=\"1\" data-image-meta=\"{&quot;aperture&quot;:&quot;0&quot;,&quot;credit&quot;:&quot;&quot;,&quot;camera&quot;:&quot;&quot;,&quot;caption&quot;:&quot;&quot;,&quot;created_timestamp&quot;:&quot;0&quot;,&quot;copyright&quot;:&quot;&quot;,&quot;focal_length&quot;:&quot;0&quot;,&quot;iso&quot;:&quot;0&quot;,&quot;shutter_speed&quot;:&quot;0&quot;,&quot;title&quot;:&quot;&quot;,&quot;orientation&quot;:&quot;0&quot;}\" data-image-title=\"Festari_1.1\" data-image-description=\"&lt;p&gt;Kes\u00e4festari, summer festival&lt;\/p&gt;\n\" data-image-caption=\"\" data-medium-file=\"https:\/\/i0.wp.com\/wp.perille.fi\/wp-content\/uploads\/2023\/03\/Festari_1.1.png?fit=300%2C188&amp;ssl=1\" data-large-file=\"https:\/\/i0.wp.com\/wp.perille.fi\/wp-content\/uploads\/2023\/03\/Festari_1.1.png?fit=986%2C616&amp;ssl=1\" loading=\"lazy\" width=\"986\" height=\"616\" src=\"https:\/\/i0.wp.com\/www.perille.fi\/blog\/wp-content\/uploads\/2023\/03\/Festari_1.1.png?resize=986%2C616&#038;ssl=1\" alt=\"\" class=\"wp-image-4075\" srcset=\"https:\/\/i0.wp.com\/wp.perille.fi\/wp-content\/uploads\/2023\/03\/Festari_1.1.png?w=1024&amp;ssl=1 1024w, https:\/\/i0.wp.com\/wp.perille.fi\/wp-content\/uploads\/2023\/03\/Festari_1.1.png?resize=300%2C188&amp;ssl=1 300w, https:\/\/i0.wp.com\/wp.perille.fi\/wp-content\/uploads\/2023\/03\/Festari_1.1.png?resize=768%2C480&amp;ssl=1 768w\" sizes=\"(max-width: 986px) 100vw, 986px\" data-recalc-dims=\"1\" \/><\/figure>\n\n\n\n<h2>Festarit hein\u00e4kuussa 2023<\/h2>\n\n\n\n<h3>PROVINSSI 29.6.\u20131.7.2023<\/h3>\n\n\n\n<p>Provinssi on yksi Suomen suurimmista kes\u00e4festivaaleista. Kolmip\u00e4iv\u00e4iset festarit j\u00e4rjestet\u00e4\u00e4n Sein\u00e4joen T\u00f6rn\u00e4v\u00e4nsaarella ja artistikattaus on laaja, mm. The Chemical Brothers, &nbsp;Gojira, &nbsp;Haloo Helsinki!, Amorphis, Antti Tuisku, Eevil St\u00f6\u00f6 &amp; Stepa, Anna Puu, Robin Packalen ja Sonia. <\/p>\n\n\n\n<p><strong><mark style=\"background-color:rgba(0, 0, 0, 0);color:#b20066\" class=\"has-inline-color\"><a href=\"https:\/\/www.provinssi.fi\/\" target=\"_blank\" rel=\"noreferrer noopener\">provinssi.fi<\/a><\/mark><\/strong>, <em>T\u00f6rn\u00e4v\u00e4ntie 20, Sein\u00e4joki<\/em>, <strong><mark style=\"background-color:rgba(0, 0, 0, 0);color:#b20066\" class=\"has-inline-color\"><a href=\"https:\/\/www.perille.fi\/fi?utm_source=perille-blog&amp;utm_medium=link&amp;utm_campaign=festarit-2023&amp;to=sein\u00e4joki\" target=\"_blank\" rel=\"noreferrer noopener\">L\u00f6yd\u00e4 bussit ja junat<\/a><\/mark><\/strong><\/p>\n\n\n\n<h3>ISKELM\u00c4 FESTIVAALI HIMOS 29.6.\u20131.7.2023<\/h3>\n\n\n\n<p>Kes\u00e4n paras tapahtuma juhlitaan j\u00e4lleen tulevana kes\u00e4n\u00e4 ja liven\u00e4 raikaa kotimaiset ykk\u00f6sartistit! Iskelm\u00e4 Festivaalin lavalle Himoksella kes\u00e4ll\u00e4 2023 nousevat mm. Lauri T\u00e4hk\u00e4, Popeda, Arttu Wiskari, Suvi Ter\u00e4sniska, J. Karjalainen, Maija Vilkkumaa, Erin, Olavi Uusivirta, Samuli Edelmann, Laura Voutilainen, STIG, Irina, Ressu Redford ja Frans Harju.<\/p>\n\n\n\n<p><strong><mark style=\"background-color:rgba(0, 0, 0, 0);color:#b20066\" class=\"has-inline-color\"><a href=\"https:\/\/iskelmafestivaali.fi\/himos\/\" target=\"_blank\" rel=\"noreferrer noopener\">iskelmafestivaali.fi\/himos<\/a><\/mark><\/strong> <em>L\u00e4nsi-Himoksentie 4, J\u00e4ms\u00e4<\/em>, <strong><mark style=\"background-color:rgba(0, 0, 0, 0);color:#b20066\" class=\"has-inline-color\"><a href=\"https:\/\/www.perille.fi\/fi?utm_source=perille-blog&amp;utm_medium=link&amp;utm_campaign=festarit-2023&amp;to=j\u00e4ms\u00e4\" target=\"_blank\" rel=\"noreferrer noopener\">L\u00f6yd\u00e4 bussit ja junat<\/a><\/mark><\/strong><\/p>\n\n\n\n<h3>ISKELM\u00c4 FESTIVAALI PORI 30.6.\u20131.7.2023<\/h3>\n\n\n\n<p>Iskelm\u00e4 Festivaali j\u00e4rjestet\u00e4\u00e4n&nbsp;nyt ensimm\u00e4ist\u00e4 kertaa&nbsp;my\u00f6s\u202fPorin\u202fluonnonkauniille\u202fKirjurinluoto\u202fArenalla.&nbsp;Porin kaksip\u00e4iv\u00e4isill\u00e4 festareilla n\u00e4hd\u00e4\u00e4n ja kuullaan muun muassa Iskelm\u00e4 Festivaalin lavalle Porissa kes\u00e4ll\u00e4 2023 nousevat Haloo Helsinki!, Juha Tapio, Samu Haber, Arttu Wiskari, BEHM, Maija Vilkkumaa, Olavi Uusivirta, Erin, Anna Eriksson, Olli Halonen, STIG ja Ressu Redford.<\/p>\n\n\n\n<p><strong><mark style=\"background-color:rgba(0, 0, 0, 0);color:#b20066\" class=\"has-inline-color\"><a href=\"https:\/\/iskelmafestivaali.fi\/pori\/\" target=\"_blank\" rel=\"noreferrer noopener\">iskelmafestivaali.fi\/pori<\/a><\/mark><\/strong>, <em>Kirjurinluoto, Pori<\/em>, <strong><mark style=\"background-color:rgba(0, 0, 0, 0);color:#b20066\" class=\"has-inline-color\"><a href=\"https:\/\/www.perille.fi\/fi?utm_source=perille-blog&amp;utm_medium=link&amp;utm_campaign=festarit-2023&amp;to=pori\">L\u00f6yd\u00e4 bussit ja liput<\/a><\/mark><\/strong><\/p>\n\n\n\n<h3>U Nation 30.6.\u20131.7.2023<\/h3>\n\n\n\n<p>Uusi elektronisen tanssimusiikin tapahtuma&nbsp;U Nation&nbsp;tuo 30.6.\u20131.7.2023 Helsingin Kansalaistorille konemusiikin kuumimmat t\u00e4hdet! Esiintyj\u00e4valikoima koostuu kansainv\u00e4lisist\u00e4 ja kotimaisista elektronisen musiikin eturivin artisteista. Esiintym\u00e4ss\u00e4 festareilla mm. Charlotte de Witte, Mr.A, Eric Prydz ja Orcidea.<\/p>\n\n\n\n<p><strong><mark style=\"background-color:rgba(0, 0, 0, 0);color:#b20066\" class=\"has-inline-color\"><a href=\"https:\/\/www.unation.fi\/\" target=\"_blank\" rel=\"noreferrer noopener\">unation.fi<\/a><\/mark><\/strong>, <em>Kansalaistori, Helsinki<\/em>, <strong><mark style=\"background-color:rgba(0, 0, 0, 0);color:#b20066\" class=\"has-inline-color\"><a href=\"https:\/\/www.perille.fi\/fi?utm_source=perille-blog&amp;utm_medium=link&amp;utm_campaign=festarit-2023&amp;to=helsinki\" target=\"_blank\" rel=\"noreferrer noopener\">L\u00f6yd\u00e4 bussit ja liput<\/a><\/mark><\/strong><\/p>\n\n\n\n<h3>TUSKA 30.6.\u20132.7.2023<\/h3>\n\n\n\n<p>Tuska on metallimusiikkiin keskittyv\u00e4 festivaali. Se j\u00e4rjestettiin ensimm\u00e4isen kerran vuonna 1998. Tuskan festivaalialue sijaitsee Suvilahden tapahtumakent\u00e4ll\u00e4.&nbsp;Artisteina t\u00e4n\u00e4 vuonna n\u00e4hd\u00e4\u00e4n muun muassa Gojira, Arch Enemy, Mokoma, Diablo, VV (Ville Valo), Clutch, Turmion K\u00e4til\u00f6t, Butcher Babies, Finntroll, Ghost, The Hu, Electric Callboy and Lorna Shore.<\/p>\n\n\n\n<p><strong><mark style=\"background-color:rgba(0, 0, 0, 0);color:#b20066\" class=\"has-inline-color\"><a href=\"https:\/\/www.tuska.fi\/\" target=\"_blank\" rel=\"noreferrer noopener\">tuska.fi<\/a><\/mark><\/strong>, <em>Suvilahti, Helsinki<\/em>, <mark style=\"background-color:rgba(0, 0, 0, 0);color:#b20066\" class=\"has-inline-color\"><strong><a href=\"https:\/\/www.perille.fi\/fi?utm_source=perille-blog&amp;utm_medium=link&amp;utm_campaign=festarit-2023&amp;to=helsinki\">L\u00f6yd\u00e4 bussit ja junat<\/a><\/strong><\/mark><\/p>\n\n\n\n<h3>PUISTOBLUES 1.7.2023<\/h3>\n\n\n\n<p>J\u00e4rvenp\u00e4\u00e4n Puistobluesissa 1.7.2023 n\u00e4hd\u00e4\u00e4n Altered Five Blues Band (USA), Thorbj\u00f8rn Risager and the Black Tornado, Canned Heat, Wishbone Ash ja Ben Granfelt. Luvassa siis huikea festivaalip\u00e4iv\u00e4!<\/p>\n\n\n\n<p><strong><mark style=\"background-color:rgba(0, 0, 0, 0);color:#b20066\" class=\"has-inline-color\"><a href=\"https:\/\/puistoblues.fi\/\" target=\"_blank\" rel=\"noreferrer noopener\">puistoblues.fi<\/a><\/mark><\/strong>, <em>Vanhankyl\u00e4nniemi, J\u00e4rvenp\u00e4\u00e4<\/em>, <mark style=\"background-color:rgba(0, 0, 0, 0);color:#b20066\" class=\"has-inline-color\"><strong><a href=\"https:\/\/www.perille.fi\/fi?utm_source=perille-blog&amp;utm_medium=link&amp;utm_campaign=festarit-2023&amp;to=j\u00e4rvenp\u00e4\u00e4\" target=\"_blank\" rel=\"noreferrer noopener\">L\u00f6yd\u00e4 bussit ja junat<\/a><\/strong><\/mark><\/p>\n\n\n\n<h3>Puistojuhlat 6.-7.7.2023<\/h3>\n\n\n\n<p>Kaksip\u00e4iv\u00e4isell\u00e4 festivaalilla nautitaan erinomaisista live-esiintymisist\u00e4, monipuolisesta alueohjelmasta ja laadukkaista ravintolapalveluista. Esiintym\u00e4ss\u00e4 mm. Ursus Factory, Arppa, Pehmoaino, Paperi T ja Sexmane.<\/p>\n\n\n\n<p><strong><mark style=\"background-color:rgba(0, 0, 0, 0);color:#b20066\" class=\"has-inline-color\"><a href=\"https:\/\/puistojuhlat.fi\/\">puistojuhlat.fi<\/a><\/mark><\/strong>, <em>Lounaispuisto, Jyv\u00e4skyl\u00e4<\/em>, <strong><mark style=\"background-color:rgba(0, 0, 0, 0);color:#b20066\" class=\"has-inline-color\"><a href=\"https:\/\/www.perille.fi\/fi?utm_source=perille-blog&amp;utm_medium=link&amp;utm_campaign=festarit-2023&amp;to=jyv\u00e4skyl\u00e4\" target=\"_blank\" rel=\"noreferrer noopener\">L\u00f6yd\u00e4 bussit ja junat<\/a><\/mark><\/strong><\/p>\n\n\n\n<h3>JYS\u00c4RI 6.-8.7.2023<\/h3>\n\n\n\n<p>Vuodesta\u202f2013 j\u00e4rjestetty, aito ja alkuper\u00e4inen\u202fJys\u00e4ri Festivaali juhlitaan jo 10. kertaa J\u00e4ms\u00e4n Himos Parkissa. Esiintym\u00e4ss\u00e4 festareilla mm. Cascada, E-Type, Masterboy &amp; Beatrix Delgado, E-Rotic ja Waldo\u00b4s People. <\/p>\n\n\n\n<p><strong><mark style=\"background-color:rgba(0, 0, 0, 0);color:#b20066\" class=\"has-inline-color\"><a href=\"https:\/\/jysari.fi\/\" target=\"_blank\" rel=\"noreferrer noopener\">jysari.fi<\/a><\/mark><\/strong>, <em>Himos Park, J\u00e4ms\u00e4<\/em>, <strong><mark style=\"background-color:rgba(0, 0, 0, 0);color:#b20066\" class=\"has-inline-color\"><a href=\"https:\/\/www.perille.fi\/fi?utm_source=perille-blog&amp;utm_medium=link&amp;utm_campaign=festarit-2023&amp;to=j\u00e4ms\u00e4\" target=\"_blank\" rel=\"noreferrer noopener\">L\u00f6yd\u00e4 bussit ja junat<\/a><\/mark><\/strong><\/p>\n\n\n\n<h3>Rantajamit 6.-8.7.2023<\/h3>\n\n\n\n<p>Rantajamit juhlitaan kes\u00e4ll\u00e4 2023 tutussa luonnonkauniissa paikassa Lohjanj\u00e4rven rannalla. Rantajamit on perinteik\u00e4s jo 30 kertaa j\u00e4rjestetty kaupunkifestivaali, joka on vakiinnuttanut paikkansa osana suomalaista ja lohjalaista kulttuuria. Rantajamit on kes\u00e4n odotetuimpia tapahtumia L\u00e4nsi-Uudenmaan alueella. Esiintym\u00e4ss\u00e4 mm. Suvi Ter\u00e4sniska, Tommi L\u00e4ntinen, Olavi Uusivirta, Poets of the Fall, Arttu Wiskari, Portion Boys, Ramses II, BEHM ja The 69 Eyes.<\/p>\n\n\n\n<p><strong><mark style=\"background-color:rgba(0, 0, 0, 0);color:#b20066\" class=\"has-inline-color\"><a href=\"https:\/\/rantajamit.fi\/\" target=\"_blank\" rel=\"noreferrer noopener\">rantajamit.fi<\/a><\/mark><\/strong>, <em>Auralahti, Rantakentt\u00e4, Lohja<\/em>, <strong><mark style=\"background-color:rgba(0, 0, 0, 0);color:#b20066\" class=\"has-inline-color\"><a href=\"https:\/\/www.perille.fi\/fi?utm_source=perille-blog&amp;utm_medium=link&amp;utm_campaign=festarit-2023&amp;to=lohja\" target=\"_blank\" rel=\"noreferrer noopener\">L\u00f6yd\u00e4 bussit ja junat<\/a><\/mark><\/strong><\/p>\n\n\n\n<h3>WANAJA FESTIVAL 7.-8.7.2023<\/h3>\n\n\n\n<p>Luonnonkauniissa H\u00e4meenlinnan Linnanpuiston rantamaisemissa 7.-8.7. vietett\u00e4v\u00e4ss\u00e4 Wanaja Festivalissa n\u00e4hd\u00e4\u00e4n j\u00e4lleen laaja kirjo kotimaisia t\u00e4htiesiintyji\u00e4. Esiintym\u00e4ss\u00e4 mm. Haloo Helsinki!, The Rasmus, Erika Vikman, Olavi Uusivirta, Stig, JVG, Samu Haber ja J. Karjalainen.<\/p>\n\n\n\n<p><strong><mark style=\"background-color:rgba(0, 0, 0, 0);color:#b20066\" class=\"has-inline-color\"><a href=\"https:\/\/wanajafestival.fi\/\" target=\"_blank\" rel=\"noreferrer noopener\">wanajafestival.fi<\/a><\/mark><\/strong>, <em>Linnanpuisto, H\u00e4meenlinna<\/em>, <strong><mark style=\"background-color:rgba(0, 0, 0, 0);color:#b20066\" class=\"has-inline-color\"><a href=\"https:\/\/www.perille.fi\/fi?utm_source=perille-blog&amp;utm_medium=link&amp;utm_campaign=festarit-2023&amp;to=h\u00e4meenlinna\" target=\"_blank\" rel=\"noreferrer noopener\">L\u00f6yd\u00e4 bussit ja junat<\/a><\/mark><\/strong><\/p>\n\n\n\n<h3>PORI JAZZ 7.-15.7.2023<\/h3>\n\n\n\n<p>Kes\u00e4ll\u00e4 2023 Pori Jazz on esill\u00e4 56. kerran koko kirjollaan: kuvina, eri tyylisuuntien musiikkina lukuisilla estradeilla sek\u00e4 rentona el\u00e4m\u00e4nasenteena, joka leimaa koko kaupunkia keskusta-aluetta my\u00f6den 7. \u2013 15.7. Esiintym\u00e4ss\u00e4 mm. Tom Jones, Robbie Williams, Sam Smith, Cat Burns, Erja Lyytinen, Pepe &amp; Saimaa ja Laufey.<\/p>\n\n\n\n<p><strong><mark style=\"background-color:rgba(0, 0, 0, 0);color:#b20066\" class=\"has-inline-color\"><a href=\"https:\/\/www.porijazz.fi\/fi\/etusivu\/\" target=\"_blank\" rel=\"noreferrer noopener\">porijazz.fi<\/a><\/mark><\/strong>, <em>Kirjurinluoto, Pori<\/em>, <strong><mark style=\"background-color:rgba(0, 0, 0, 0);color:#b20066\" class=\"has-inline-color\"><a href=\"https:\/\/www.perille.fi\/fi?utm_source=perille-blog&amp;utm_medium=link&amp;utm_campaign=festarit-2023&amp;to=pori\" target=\"_blank\" rel=\"noreferrer noopener\">L\u00f6yd\u00e4 bussit ja junat<\/a><\/mark><\/strong><\/p>\n\n\n\n<h3>RUISROCK 7.-9.7.2023<\/h3>\n\n\n\n<p>Kolmip\u00e4iv\u00e4isell\u00e4 festivaalilla nautitaan monipuolisesta musiikki- ja taideohjelmasta sek\u00e4 laadukkaista ravintolapalveluista. Festivaali vie k\u00e4vij\u00e4ns\u00e4 viikonlopun mittaiselle matkalle toiseen maailmaan, joka on t\u00e4ynn\u00e4 iloa, yst\u00e4vyytt\u00e4 ja vapautta. Esiintym\u00e4ss\u00e4 mm. Samu Haber, Haloo Helsinki!, Apulanta, Antti Tuisku, Younghearted, Yung Lean, Machine Gun Kelly, Ramses II, Eevil St\u00f6\u00f6 &amp; Stepa, ja ABREU.<\/p>\n\n\n\n<p><strong><mark style=\"background-color:rgba(0, 0, 0, 0);color:#b20066\" class=\"has-inline-color\"><a href=\"https:\/\/ruisrock.fi\/\" target=\"_blank\" rel=\"noreferrer noopener\">ruisrock.fi<\/a><\/mark><\/strong>, <em>Ruissalo, Turku<\/em>, <strong><mark style=\"background-color:rgba(0, 0, 0, 0);color:#b20066\" class=\"has-inline-color\"><a href=\"https:\/\/www.perille.fi\/fi?utm_source=perille-blog&amp;utm_medium=link&amp;utm_campaign=festarit-2023&amp;to=turku\" target=\"_blank\" rel=\"noreferrer noopener\">L\u00f6yd\u00e4 bussit ja junat<\/a><\/mark><\/strong><\/p>\n\n\n\n<h3>SUOMIPOP FESTIVAALI JYV\u00c4SKYL\u00c4 13.\u201315.7.2023<\/h3>\n\n\n\n<p>Suomipop Festivaali nostaa kotimaisen pop-musiikin k\u00e4rkinimet festarilavoille taas 13.-15.7.2023 Jyv\u00e4skyl\u00e4ss\u00e4! Lutakonaukion lavalle nousevat tulevana kes\u00e4n\u00e4 mm.&nbsp;Haloo Helsinki!, Apulanta, Juha Tapio, Samu Haber, BEHM, Elastinen, Arttu Wiskari, Anna Puu ja Popeda<strong>.<\/strong><\/p>\n\n\n\n<p><strong><mark style=\"background-color:rgba(0, 0, 0, 0);color:#b20066\" class=\"has-inline-color\"><a href=\"https:\/\/suomipopfestivaali.fi\/jyvaskyla\/\" target=\"_blank\" rel=\"noreferrer noopener\">suomipopfestivaali.fi\/jyvaskyla<\/a><\/mark><\/strong>, <em>Lutakonaukio, Jyv\u00e4skyl\u00e4<\/em>,<strong> <mark style=\"background-color:rgba(0, 0, 0, 0);color:#b20066\" class=\"has-inline-color\"><a href=\"https:\/\/www.perille.fi\/fi?utm_source=perille-blog&amp;utm_medium=link&amp;utm_campaign=festarit-2023&amp;to=jyv\u00e4skyl\u00e4\" target=\"_blank\" rel=\"noreferrer noopener\">L\u00f6yd\u00e4 bussit ja junat<\/a><\/mark><\/strong><\/p>\n\n\n\n<h3>SUOMIPOP FESTIVAALI OULU 13.\u201315.7.2023<\/h3>\n\n\n\n<p>Kotimaisen musiikin viikonloppuna Suomipop Oulun lavalle nousevat mm.&nbsp;Lauri T\u00e4hk\u00e4, Haloo Helsinki!, Juha Tapio, Samu Haber, BEHM, Maija Vilkkumaa, Elastinen, Anna Puu ja Popeda<strong>.<\/strong><\/p>\n\n\n\n<p><strong><mark style=\"background-color:rgba(0, 0, 0, 0);color:#b20066\" class=\"has-inline-color\"><a href=\"https:\/\/suomipopfestivaali.fi\/oulu\/\" target=\"_blank\" rel=\"noreferrer noopener\">suomipopfestivaali.fi\/oulu<\/a><\/mark><\/strong>, <em>Kuusisaari, Oulu<\/em>,<strong> <mark style=\"background-color:rgba(0, 0, 0, 0);color:#b20066\" class=\"has-inline-color\"><a href=\"https:\/\/www.perille.fi\/fi?utm_source=perille-blog&amp;utm_medium=link&amp;utm_campaign=festarit-2023&amp;to=oulu\" target=\"_blank\" rel=\"noreferrer noopener\">L\u00f6yd\u00e4 bussit ja junat<\/a><\/mark><\/strong><\/p>\n\n\n\n<h3>DOWNTOWN CALLING 14.\u201315.7.2023<\/h3>\n\n\n\n<p>Downtown Calling tarjoilee monipuolisen kattauksen soulista elektroon. Tapahtuma-alue rakentuu Tekniikan Museon ymp\u00e4rille Kuninkaankartanonsaareen. Esiintym\u00e4ss\u00e4 mm.&nbsp;Ismo Alanko, Emilia Sisco, Maustetyt\u00f6t, Litku Klemetti, Malla, Gasellit, Babel, Yeboyah, Joensuu 1685, Suistamon S\u00e4hk\u00f6, Vikara,  Windows 95 Man, Pietarin Spektaakkeli sek\u00e4 The Moontwins.<\/p>\n\n\n\n<p><strong><mark style=\"background-color:rgba(0, 0, 0, 0);color:#b20066\" class=\"has-inline-color\"><a href=\"https:\/\/www.downtowncalling.fi\/\" target=\"_blank\" rel=\"noreferrer noopener\">downtowncalling.fi<\/a><\/mark><\/strong>, <em>Vanhakaupunki, Helsinki<\/em>, <strong><mark style=\"background-color:rgba(0, 0, 0, 0);color:#b20066\" class=\"has-inline-color\"><a href=\"https:\/\/www.perille.fi\/fi?utm_source=perille-blog&amp;utm_medium=link&amp;utm_campaign=festarit-2023&amp;to=helsinki\" target=\"_blank\" rel=\"noreferrer noopener\">L\u00f6yd\u00e4 bussit ja junat<\/a><\/mark><\/strong><\/p>\n\n\n\n<h3>SUONENJOEN MANSIKKAKARNEVAALIT 14.\u201315.7.2023<\/h3>\n\n\n\n<p>Suonenjoen Mansikkakarnevaalit on yksi Suomen vanhimmista kes\u00e4tapahtumista ja tapahtuma on j\u00e4rjestetty jo vuodesta 1970. Paikkakuntalaisten lis\u00e4ksi Mansikkakarnevaalit kokoavat mansikanpoimijoita, lomavieraita, kes\u00e4asukkaita ja muita karnevaalivieraita ymp\u00e4ri Suomea Suonenjoelle. Karnevaalitunnelmaa luomassa ovat muun muassa J.Karjalainen, BESS, Erika Vikman, Maija Vilkkumaa, Happoradio, Portion Boys ja Poju.<\/p>\n\n\n\n<p><strong><mark style=\"background-color:rgba(0, 0, 0, 0);color:#b20066\" class=\"has-inline-color\"><a href=\"https:\/\/www.mansikkakarnevaalit.fi\" target=\"_blank\" rel=\"noreferrer noopener\">mansikkakarnevaalit.fi<\/a><\/mark><\/strong>, <em>Koulukatu 2-4, Suonenjoki<\/em>, <strong><mark style=\"background-color:rgba(0, 0, 0, 0);color:#b20066\" class=\"has-inline-color\"><a href=\"https:\/\/www.perille.fi\/fi?utm_source=perille-blog&amp;utm_medium=link&amp;utm_campaign=festarit-2023&amp;to=suonenjoki\">L\u00f6yd\u00e4 bussit ja junat<\/a><\/mark><\/strong><\/p>\n\n\n\n<h3>ILOSAARIROCK JOENSUU 14.\u201316.7.2023<\/h3>\n\n\n\n<p>Ilosaarirock on k\u00e4vij\u00f6illeen ja tekij\u00f6illeen rakas festivaali, joka kokoaa vuosittain noin 70 000 iloista, eloista ja avointa juhlijaa yhteen yhden verrattoman viikonlopun ajaksi. Festivaali j\u00e4rjestet\u00e4\u00e4n perinteisesti hein\u00e4kuun puolessa v\u00e4liss\u00e4 kuvankauniin Joensuun Laulurinteen puistoalueella. Yli 50-vuotias tapahtuma on Suomen toiseksi vanhin rockfestivaali ja yksi Suomen suurimmista festivaaleista. Artisteja n\u00e4hn\u00e4\u00e4n niin kotimaasta kuin ulkomailtakin.  Ilosaarirockissa esiintyv\u00e4t muun muassa&nbsp;The Prodigy, Ava Max, Sleep Token,&nbsp;Dylan,&nbsp;Frank Carter &amp; The Rattlesnakes,&nbsp;Jacob Banks,&nbsp;JVG,&nbsp;Stam1na,&nbsp;Vesala ja&nbsp;VV.<\/p>\n\n\n\n<p><strong><mark style=\"background-color:rgba(0, 0, 0, 0);color:#b20066\" class=\"has-inline-color\"><a href=\"https:\/\/www.ilosaarirock.fi\/2021\/\" target=\"_blank\" rel=\"noreferrer noopener\">ilosaarirock.fi<\/a><\/mark><\/strong>, <em>Linnunlahdentie 3, Joensuu<\/em>, <strong><mark style=\"background-color:rgba(0, 0, 0, 0);color:#b20066\" class=\"has-inline-color\"><a href=\"https:\/\/www.perille.fi\/fi?utm_source=perille-blog&amp;utm_medium=link&amp;utm_campaign=festarit-2023&amp;to=joensuu\">L\u00f6yd\u00e4 bussit ja junat<\/a><\/mark><\/strong><\/p>\n\n\n\n<h3>Mit\u00e4s Mit\u00e4s Mit\u00e4s -festivaali 14.-16.7.2023<\/h3>\n\n\n\n<p>Mit\u00e4s Mit\u00e4s Mit\u00e4s -festivaali on ennakkoluuloton ja rajoja rikkova taiteiden juhla, jossa tarjolla on erilaisia ty\u00f6pajoja, yhteis\u00f6taideteoksia, musiikkia ja performansseja. Julkaistuihin esiintyjiin sis\u00e4ltyy mm. eletronisen musiikin pioneeri Jori Hulkkonen, DJ Roberto Rodriguez, tekno-DJ Paula Koski, Helsingin klubiskenest\u00e4 tutut DJ Newhouse, Kasumisu, Sebastian Holm ja Carlina Carpelan. Mit\u00e4ksill\u00e4 n\u00e4hd\u00e4\u00e4n my\u00f6s Vilnasta kotoisin oleva indie rock -trio Shishi.<\/p>\n\n\n\n<p><mark style=\"background-color:rgba(0, 0, 0, 0);color:#b20066\" class=\"has-inline-color\"><strong><a href=\"https:\/\/mitasmitasmitas.fi\" target=\"_blank\" rel=\"noreferrer noopener\">mitasmitasmitas.fi<\/a><\/strong><\/mark>, <em>Nuutaj\u00e4rventie 453, Urjala<\/em> <strong><mark style=\"background-color:rgba(0, 0, 0, 0);color:#b20066\" class=\"has-inline-color\"><a href=\"https:\/\/www.perille.fi\/fi?utm_source=perille-blog&amp;utm_medium=link&amp;utm_campaign=festarit-2023&amp;to=urjala\" target=\"_blank\" rel=\"noreferrer noopener\">L\u00f6yd\u00e4 bussit ja junat<\/a><\/mark><\/strong><\/p>\n\n\n\n<h3>John Smith rock festival 20.\u201322.7.2023<\/h3>\n\n\n\n<p>Kes\u00e4n rockeimmat festivaalit Laukaassa Peurungassa 20.-22.7.2023! Esiintyjin\u00e4 mm: Cradle of Filth, D-A-D, Amorphis, Soilwork, Beast In Black. <\/p>\n\n\n\n<p><strong><mark style=\"background-color:rgba(0, 0, 0, 0);color:#b20066\" class=\"has-inline-color\"><a href=\"https:\/\/johnsmith.fi\/\" target=\"_blank\" rel=\"noreferrer noopener\">johnsmith.fi<\/a><\/mark><\/strong>,\u00a0<em>Peurungantie 85, Laukaa<\/em>,\u00a0<strong><mark style=\"background-color:rgba(0, 0, 0, 0);color:#b20066\" class=\"has-inline-color\"><a href=\"https:\/\/www.perille.fi\/fi?utm_source=perille-blog&amp;utm_medium=link&amp;utm_campaign=festarit-2023&amp;to=laukaa\" target=\"_blank\" rel=\"noreferrer noopener\">L\u00f6yd\u00e4 bussit ja junat<\/a><\/mark><\/strong><\/p>\n\n\n\n<h3>KARJUROCK 20.\u201322.7.2023<\/h3>\n\n\n\n<p>Lokalahden perinteinen Karjurock jytisee t\u00e4n\u00e4kin vuonna, jos suunnitelmat toteMaailman kovimpana maalaisfestarina tunnettu&nbsp;Karjurock Uudenkaupungin Lokalahdella (20.-22.7.2023)&nbsp;tarjoaa huikeita el\u00e4myksi\u00e4 ja kokemuksia. Esiintym\u00e4ss\u00e4 mm. Somestarat vs. Karjurock AllStars, Juha Tapio, Stratovarius, Neon 2, Petri Nyg\u00e5rd ja Eini.<\/p>\n\n\n\n<p><strong><mark style=\"background-color:rgba(0, 0, 0, 0);color:#b20066\" class=\"has-inline-color\"><a href=\"https:\/\/www.karjurock.fi\/\">karjurock.fi<\/a><\/mark><\/strong>,&nbsp;<em>Lokalahti, Uusikaupunki<\/em>,&nbsp;<strong><mark style=\"background-color:rgba(0, 0, 0, 0);color:#b20066\" class=\"has-inline-color\"><a href=\"https:\/\/www.perille.fi\/fi?utm_source=perille-blog&amp;utm_medium=link&amp;utm_campaign=festarit-2023&amp;to=uusikaupunki\" target=\"_blank\" rel=\"noreferrer noopener\">L\u00f6yd\u00e4 bussit ja junat<\/a><\/mark><\/strong><\/p>\n\n\n\n<h3>SEIN\u00c4JOEN VAUHTIAJOT 20.\u201323.7.2023<\/h3>\n\n\n\n<p>Vuonna 2004 ensimm\u00e4isen kerran j\u00e4rjestetty Vauhtiajot Race &amp; Rock -tapahtuma viett\u00e4\u00e4 juhlavuotta t\u00e4n\u00e4 vuonna. Sein\u00e4joen Vauhtiajot t\u00e4ytt\u00e4\u00e4 20 vuotta! Esiintym\u00e4ss\u00e4 mm. J.Karjalainen,&nbsp;Popeda,&nbsp;Gasellit,&nbsp;Olavi Uusivirta,&nbsp;Michael Monroe,&nbsp;Klamydia,&nbsp;Maija Vilkkumaa,&nbsp;Erin,&nbsp;Irina,&nbsp;Vesterinen Yhtyeineen,&nbsp;Karri Koira,&nbsp;Scandinavian Music Group&nbsp;ja&nbsp;Arttu Wiskari.<\/p>\n\n\n\n<p><strong><mark style=\"background-color:rgba(0, 0, 0, 0);color:#b20066\" class=\"has-inline-color\"><a href=\"https:\/\/www.vauhtiajot.fi\/\">vauhtiajot.fi<\/a><\/mark><\/strong>,&nbsp;<em>Kirkkokatu ja Lakeudenpuisto<\/em>, <em>Sein\u00e4joki<\/em>, <strong><mark style=\"background-color:rgba(0, 0, 0, 0);color:#b20066\" class=\"has-inline-color\"><a href=\"https:\/\/www.perille.fi\/fi?utm_source=perille-blog&amp;utm_medium=link&amp;utm_campaign=festarit-2023&amp;to=sein\u00e4joki\">L\u00f6yd\u00e4 bussit ja junat<\/a><\/mark><\/strong><\/p>\n\n\n\n<h3>TIKKURILA FESTIVAALI VANTAA 20.\u201322.7.2023<\/h3>\n\n\n\n<p>Tikkurila Festivaali on kotimaiseen musiikkiin keskittyv\u00e4 klassikkofestari, joka j\u00e4rjestet\u00e4\u00e4n hein\u00e4kuussa Tikkurilan seudulla, Vantaalla. Artisteina Tikkurilassa n\u00e4hd\u00e4\u00e4n t\u00e4n\u00e4 vuonna muun muassa Haloo Helsinki!, Apulanta, Samu Haber, Popeda, The Rasmus, BEHM, J. Karjalainen, Anna Puu, Gasellit, Elastinen, Vesterinen Yhtyeineen, ABREU, The 69 Eyes, Stig, Viivi, Ida Paul &amp; Kalle Lindroth ja Ramses II.<\/p>\n\n\n\n<p><strong><mark style=\"background-color:rgba(0, 0, 0, 0);color:#b20066\" class=\"has-inline-color\"><a href=\"https:\/\/tikkurilafestivaali.fi\/\" target=\"_blank\" rel=\"noreferrer noopener\">tikkurilafestivaali.fi<\/a><\/mark><\/strong>, <em>Urheilutie 15, Vantaa<\/em>, <strong><mark style=\"background-color:rgba(0, 0, 0, 0);color:#b20066\" class=\"has-inline-color\"><a href=\"https:\/\/www.perille.fi\/fi?utm_source=perille-blog&amp;utm_medium=link&amp;utm_campaign=festarit-2023&amp;to=vantaa\">L\u00f6yd\u00e4 bussit ja junat<\/a><\/mark><\/strong><\/p>\n\n\n\n<h3>TAMMERFEST TAMPERE 20.\u201322.7.2023<\/h3>\n\n\n\n<p>Tammerfest on Suomen kaupunkifestareiden konkari vuodesta 1995. Ratinanniemen festivaalipuistossa esiintyv\u00e4t muun muassa Apulanta, Gasellit, Teflon Brothers, VV, Samu Haber, Elastinen, Portion Boys, Ida Paul &amp; Kalle Lindroth, Frans Harju<strong>, <\/strong>Haloo Helsinki!, TBA, Arttu Wiskari, Suvi Ter\u00e4sniska, Olavi Uusivirta.&nbsp;<\/p>\n\n\n\n<p><strong><mark style=\"background-color:rgba(0, 0, 0, 0);color:#b20066\" class=\"has-inline-color\"><a href=\"https:\/\/tammerfest.fi\/\" target=\"_blank\" rel=\"noreferrer noopener\">tammerfest.fi<\/a><\/mark><\/strong>, <em>Ratinanniemen Festivaalipuisto, Tampere<\/em>, <strong><mark style=\"background-color:rgba(0, 0, 0, 0);color:#b20066\" class=\"has-inline-color\"><a href=\"https:\/\/www.perille.fi\/fi?utm_source=perille-blog&amp;utm_medium=link&amp;utm_campaign=festarit-2023&amp;to=tampere\" target=\"_blank\" rel=\"noreferrer noopener\">L\u00f6yd\u00e4 bussit ja junat<\/a><\/mark><\/strong><\/p>\n\n\n\n<h3>MELLAAKKA FESTIVAL 21.\u201322.7.2023 <\/h3>\n\n\n\n<p>R\u00e4ppip\u00e4iden kansanvaellus tapahtuu j\u00e4lleen hein\u00e4kuussa, kun suuren suosion saavuttanut Mellakka Festival j\u00e4rjestet\u00e4\u00e4n H\u00e4meenlinnan Linnanpuistossa nelj\u00e4tt\u00e4 kertaa. Tapahtuman&nbsp; esiintyj\u00e4julkistuksiin lukeutuvat:&nbsp;Ramirez,&nbsp;Eliozie, Gettomasa, Sexmane, Etta, Mouhous, Kube ja Likanen Etel\u00e4.<\/p>\n\n\n\n<p><strong><mark style=\"background-color:rgba(0, 0, 0, 0)\" class=\"has-inline-color\"><a href=\"https:\/\/mellakkafestival.fi\/\">mellakkafestival.fi<\/a><\/mark><\/strong>, <em>Linnanpuisto, H\u00e4meenlinna<\/em>,&nbsp;<strong><mark style=\"background-color:rgba(0, 0, 0, 0);color:#b20066\" class=\"has-inline-color\"><a href=\"https:\/\/www.perille.fi\/fi?utm_source=perille-blog&amp;utm_medium=link&amp;utm_campaign=festarit-2023&amp;to=h\u00e4meenlinna\" target=\"_blank\" rel=\"noreferrer noopener\">L\u00f6yd\u00e4 bussit ja junat<\/a><\/mark><\/strong><\/p>\n\n\n\n<h3>TWIN CITY FESTIVAL 21.\u201322.7.2023<\/h3>\n\n\n\n<p>Tornion twinkkarit on Lapin tunnelmallisin iskelm\u00e4- ja ys\u00e4rifestivaali! Twin City Festival j\u00e4rjestet\u00e4\u00e4n tutussa paikassa Aineen taidemuseon puistossa, ja suuren kysynn\u00e4n vuoksi my\u00f6s bileteema jatkuu! T\u00e4n\u00e4 vuonna bileet tarjoavat muun muassa&nbsp;Erika Vikman,&nbsp;Michael Monroe,&nbsp;Teflon Brothers,&nbsp;Y\u00f6lintu,&nbsp;Matti ja Teppo,&nbsp;Teleks,&nbsp;Mikko Alatalo,&nbsp;Waldo\u00b4s People ja&nbsp;Petri Nyg\u00e5rd.<\/p>\n\n\n\n<p><strong><mark style=\"background-color:rgba(0, 0, 0, 0);color:#b20066\" class=\"has-inline-color\"><a href=\"https:\/\/twincityfestival.com\/\">twincityfestival.com<\/a><\/mark><\/strong>, <em>Aineen puisto, Tornio<\/em>,&nbsp;<strong><mark style=\"background-color:rgba(0, 0, 0, 0);color:#b20066\" class=\"has-inline-color\"><a href=\"https:\/\/www.perille.fi\/fi?utm_source=perille-blog&amp;utm_medium=link&amp;utm_campaign=festarit-2023&amp;to=tornio\" target=\"_blank\" rel=\"noreferrer noopener\">L\u00f6yd\u00e4 bussit ja junat<\/a><\/mark><\/strong><\/p>\n\n\n\n<h3>KumpuRock 22.7.2023<\/h3>\n\n\n\n<p>Koko kyl\u00e4n rock-festari Siilinj\u00e4rvell\u00e4. Esiintyjin\u00e4 Suomen blueskuningatar Erja Lyytinen, Hullu Pappila, Gentle Savage, Granite Heart. Paikallista siilinj\u00e4rvel\u00e4ist\u00e4 osaamista edustavat nuorten b\u00e4ndi Raivaussaha ja juontaja Dj V\u00e4nsk\u00e4! KumpuRock j\u00e4rjestet\u00e4\u00e4n Siilinj\u00e4rven keskustan parkkipaikalla festari teltassa (Siilifolkin teltta). Tapahtuma on esteet\u00f6n ja suositusik\u00e4raja on 13 vuotta. Tapahtumasta voi ostaa juotavaa ja pient\u00e4 sy\u00f6t\u00e4v\u00e4\u00e4. Anniskelualue K-18.<\/p>\n\n\n\n<p><strong><mark style=\"background-color:rgba(0, 0, 0, 0);color:#b20066\" class=\"has-inline-color\"><a href=\"https:\/\/www.kumpurock.com\/\" target=\"_blank\" rel=\"noreferrer noopener\">kumpurock.fi<\/a><\/mark><\/strong>,&nbsp;<em>Keskustan parkkialue<\/em>, <em>Toritie, Siilinj\u00e4rvi<\/em>,&nbsp;<strong><mark style=\"background-color:rgba(0, 0, 0, 0);color:#b20066\" class=\"has-inline-color\"><a href=\"https:\/\/www.perille.fi\/fi?utm_source=perille-blog&amp;utm_medium=link&amp;utm_campaign=festarit-2023&amp;to=siilinj\u00e4rvi\" target=\"_blank\" rel=\"noreferrer noopener\">L\u00f6yd\u00e4 bussit ja junat<\/a><\/mark><\/strong><\/p>\n\n\n\n<h3>Voodoo rock 22.7.2023<\/h3>\n\n\n\n<p>Festarit laukaisee vauhtiin 90-luvulla hurjan kansansuosion saavuttanut, Kalevankadun laulava talonmies, eli itse Sepi Kumpulainen! Esiintym\u00e4ss\u00e4 mm. Daddy Show, Luuvitonen, Sepi Kumpulainen, Atomic Berries, K Koster, Mistolan Lasiset Linnut, Worldburn ja Helppo J.<\/p>\n\n\n\n<p><strong><mark style=\"background-color:rgba(0, 0, 0, 0);color:#b20066\" class=\"has-inline-color\"><a href=\"https:\/\/voodoorock.fi\/2023\/\">voodoorock.fi<\/a><\/mark><\/strong>,&nbsp;<em>Mannin Navetta, Lieto<\/em>,&nbsp;<strong><mark style=\"background-color:rgba(0, 0, 0, 0);color:#b20066\" class=\"has-inline-color\"><a href=\"https:\/\/www.perille.fi\/fi?utm_source=perille-blog&amp;utm_medium=link&amp;utm_campaign=festarit-2023&amp;to=lieto\" target=\"_blank\" rel=\"noreferrer noopener\">L\u00f6yd\u00e4 bussit ja junat<\/a><\/mark><\/strong><\/p>\n\n\n\n<h3>KOTKAN MERIP\u00c4IV\u00c4T 26.\u201329.7.2023<\/h3>\n\n\n\n<p>Kotkan Merip\u00e4iv\u00e4t on vuodesta 1962 asti j\u00e4rjestetty koko perheen kes\u00e4tapahtuma, jossa kaupunki t\u00e4yttyy konserteista, markkinoista, nautiskelusta ja viihtymisest\u00e4! Esiintym\u00e4ss\u00e4 mm. Nuorten merip\u00e4iv\u00e4konsertti, Arppa, Yeboyah, Olavi Uusivirta, Saimaa, Maustetyt\u00f6t, Scandinavian Music Group, Mariska, Von Hertzen Brothers, Antti Ketonen, Jonna Tervomaan Suljettu Syd\u00e4n, Roope Salminen &amp; Koirat, Elastinen ja Yona.<\/p>\n\n\n\n<p><strong><mark style=\"background-color:rgba(0, 0, 0, 0);color:#b20066\" class=\"has-inline-color\"><a href=\"https:\/\/meripaivat.com\/\" target=\"_blank\" rel=\"noreferrer noopener\">kotkanmeripaivat.com<\/a><\/mark><\/strong> <em>Kotka<\/em> <strong><mark style=\"background-color:rgba(0, 0, 0, 0);color:#b20066\" class=\"has-inline-color\"><a href=\"https:\/\/www.perille.fi\/fi?utm_source=perille-blog&amp;utm_medium=link&amp;utm_campaign=festarit-2023&amp;to=kotka\" target=\"_blank\" rel=\"noreferrer noopener\">L\u00f6yd\u00e4 bussit ja junat<\/a><\/mark><\/strong><\/p>\n\n\n\n<h3>TY\u00d6V\u00c4EN MUSIIKKITAPAHTUMA VALKEAKOSKI 26.\u201330.7.2023<\/h3>\n\n\n\n<p>Ty\u00f6v\u00e4en Musiikkitapahtuma j\u00e4rjestet\u00e4\u00e4n UPM Tervasaaren paperitehtaan ja Myllysaaren museon ainutlaatuisessa tapahtumamilj\u00f6\u00f6ss\u00e4. Ty\u00f6v\u00e4en Musiikkitapahtumaan p\u00e4\u00e4see matkustamaan ensimm\u00e4ist\u00e4 kertaa festivaalijunalla. Tampereelta ja Toijalasta Musarijunan kyytiin hyp\u00e4nneet p\u00e4\u00e4sev\u00e4t festivaalitunnelmaan jo heti museojunassa, jonne on suunnitteilla musiikkiohjelmaa sek\u00e4 vanhan ajan reissutunnelmaa. Esiintym\u00e4ss\u00e4 mm.  J. Karjalainen, BESS, Vesterinen Yhtyeineen, KUUMAA, Ismo Alanko, Erja Lyytinen, Pete Parkkonen, Liisa Tavi, Paleface, Steve \u2019n\u2019 Seagulls, Nyrkkitappelu, Ykspihlajan Kino-orkesteri ja The Troubled Three.<\/p>\n\n\n\n<p><strong><mark style=\"background-color:rgba(0, 0, 0, 0);color:#b20066\" class=\"has-inline-color\"><a href=\"https:\/\/www.musarit.fi\/\" target=\"_blank\" rel=\"noreferrer noopener\">musarit.fi<\/a><\/mark><\/strong> <em>Valkeakoski<\/em> <strong><mark style=\"background-color:rgba(0, 0, 0, 0);color:#b20066\" class=\"has-inline-color\"><a href=\"https:\/\/www.perille.fi\/fi?utm_source=perille-blog&amp;utm_medium=link&amp;utm_campaign=festarit-2023&amp;to=valkeakoski\" target=\"_blank\" rel=\"noreferrer noopener\">L\u00f6yd\u00e4 bussit ja junat<\/a><\/mark><\/strong><\/p>\n\n\n\n<h3>JYT\u00c4KES\u00c4 GO-GO 28.\u201329.7.2023<\/h3>\n\n\n\n<p>Rockfestivaali&nbsp;Jyt\u00e4kes\u00e4 Go-Go&nbsp;j\u00e4rjestet\u00e4\u00e4n ensi kes\u00e4n\u00e4 toistamiseen Helsingin Suvilahdessa. Kaksip\u00e4iv\u00e4isess\u00e4 tapahtumassa n\u00e4hd\u00e4\u00e4n yli kolmenkymmenen esiintyj\u00e4n tanakka paketti rockia, punkia, purkkaa ja jyt\u00e4\u00e4. Perinteisen s\u00e4hk\u00f6kitaramusiikin lis\u00e4ksi festivaalin kattaukseen mahtuu mukaan my\u00f6s ripaus hip hopia, ambientia ja jopa free jazzia. Artisteina tapahtumassa n\u00e4hd\u00e4\u00e4n muun muassa Wolfmother, Lama, Notkea Rotta Allstars, 22-Pistepirkko ja Saimaa.<\/p>\n\n\n\n<p><mark style=\"background-color:rgba(0, 0, 0, 0);color:#b20066\" class=\"has-inline-color\"><strong><a href=\"https:\/\/www.xn--jytkesgogo-s5ad.com\/\">jytakes\u00e4gogo.com<\/a><\/strong><\/mark>, <em>Suvilahti, Helsinki<\/em>, <strong><mark style=\"background-color:rgba(0, 0, 0, 0);color:#b20066\" class=\"has-inline-color\"><a href=\"https:\/\/www.perille.fi\/fi?utm_source=perille-blog&amp;utm_medium=link&amp;utm_campaign=festarit-2023&amp;to=helsinki\" target=\"_blank\" rel=\"noreferrer noopener\">L\u00f6yd\u00e4 bussit ja junat<\/a><\/mark><\/strong><\/p>\n\n\n\n<h3>KUOPIOROCK 27.\u201329.7.2023<\/h3>\n\n\n\n<p>Kuopiorock rokataan V\u00e4in\u00f6l\u00e4nniemell\u00e4 j\u00e4lleen ensi vuonna 27.-29.7.2023 \u2013 nyt juhlitaan Rokin 20-vuotissyntt\u00e4reit\u00e4! Kuopiorockin lavoille astelevat mm. Megadeth, VV, Amorphis, Apulanta, Apocalyptica, Samu Haber, Popeda, Battle Beast, Epica, Stam1na, Turmion K\u00e4til\u00f6t, Michael Monroe ja The 69 Eyes.<\/p>\n\n\n\n<p><strong><mark style=\"background-color:rgba(0, 0, 0, 0);color:#b20066\" class=\"has-inline-color\"><a href=\"https:\/\/kuopiorock.fi\/\" target=\"_blank\" rel=\"noreferrer noopener\">kuopiorock.fi<\/a><\/mark><\/strong>, <em>Lappalaisenkatu 2, Kuopio, <\/em><strong><mark style=\"background-color:rgba(0, 0, 0, 0);color:#b20066\" class=\"has-inline-color\"><a href=\"https:\/\/www.perille.fi\/fi?utm_source=perille-blog&amp;utm_medium=link&amp;utm_campaign=festarit-2023&amp;to=kuopio\">L\u00f6yd\u00e4 bussit ja junat<\/a><\/mark><\/strong><\/p>\n\n\n\n<h3>RAAHEN RANTAJATSIT 27.\u201329.7.2023<\/h3>\n\n\n\n<p>Ulkoilmafestivaalin tapahtumat sijoittuvat meren rantaan ja sen l\u00e4heisyyteen Vanhassa Raahessa. Esiintym\u00e4ss\u00e4 mm. Uusi Aika, Dantchev:Domain, Soo\u00e4\u00e4r &amp; Yaralyan &amp; Ounaskari, DJ Bunuel, Timo Lassy Trio ja Hannibal &amp; Hot Heros.<\/p>\n\n\n\n<p><strong><mark style=\"background-color:rgba(0, 0, 0, 0);color:#b20066\" class=\"has-inline-color\"><a href=\"https:\/\/rajatsi.fi\/rantajatsit\/\" target=\"_blank\" rel=\"noreferrer noopener\">rajatsi.fi\/rantajatsit<\/a><\/mark><\/strong>, <em>Raahe<\/em>, <strong><mark style=\"background-color:rgba(0, 0, 0, 0);color:#b20066\" class=\"has-inline-color\"><a href=\"https:\/\/www.perille.fi\/fi?utm_source=perille-blog&amp;utm_medium=link&amp;utm_campaign=festarit-2023&amp;to=raahe\" target=\"_blank\" rel=\"noreferrer noopener\">L\u00f6yd\u00e4 bussit ja junat<\/a><\/mark><\/strong><\/p>\n\n\n\n<h3>KOKKOLAN VIINIJUHLAT 28.\u201329.7.2023<\/h3>\n\n\n\n<p>Kokkolan viinijuhlat tituleeraa itsens\u00e4 premium-tason festareiksi aikuiseen makuun. Kokkolan Viinijuhlilla n\u00e4et upeita t\u00e4htiartisteja sek\u00e4 p\u00e4\u00e4set nauttimaan laadukkaista ruoka- ja juomapalveluista Kokkolan tunnelmallisessa tapahtumapuistossa. Osana festivaalialuetta on Wine &amp; Food Tasting Village, jossa tullaan n\u00e4kem\u00e4\u00e4n kotimaisia ja kansainv\u00e4lisi\u00e4 laatuviinimerkkej\u00e4. Artisteina tapahtumassa n\u00e4hd\u00e4\u00e4n muun muassa Hurts, Juha Tapio, Anna Puu, Erika Vikman, Happoradio, Viivi&nbsp;sek\u00e4&nbsp;Anssi Kela.<\/p>\n\n\n\n<p><strong><mark style=\"background-color:rgba(0, 0, 0, 0);color:#b20066\" class=\"has-inline-color\"><a href=\"https:\/\/kokkolanviinijuhlat.fi\/\" target=\"_blank\" rel=\"noreferrer noopener\">kokkolanviinijuhlat.fi<\/a><\/mark><\/strong>, <em>Suntin raitti, Kokkola<\/em>, <strong><mark style=\"background-color:rgba(0, 0, 0, 0);color:#b20066\" class=\"has-inline-color\"><a href=\"https:\/\/www.perille.fi\/fi?utm_source=perille-blog&amp;utm_medium=link&amp;utm_campaign=festarit-2023&amp;to=kokkola\" target=\"_blank\" rel=\"noreferrer noopener\">L\u00f6yd\u00e4 bussit ja junat<\/a><\/mark><\/strong><\/p>\n\n\n\n<h3>PUISTOSSA!-festivaali&nbsp;28\u201329.7.2023<\/h3>\n\n\n\n<p>Huikeat ruoka- ja juomapalvelut, monipuolista oheisohjelmaa\u2026 Markkinameininki\u00e4 ja kes\u00e4ist\u00e4 festivaalitunnelmaa\u2026 Kaikkea t\u00e4t\u00e4 ja paljon muuta tarjolla historian ensimm\u00e4isell\u00e4 Puistossa!-festivaalilla. Esiintym\u00e4ss\u00e4 mm. Olavi Uusivirta, Raskasta Iskelm\u00e4\u00e4, Ismo Alanko, Sir Elwoodin hilj\u00e4iset v\u00e4rit, Erin, Dingo, Steve \u2018n\u2019 Seagulls, Miljoonasade ja Von Hertzen Brothers.<\/p>\n\n\n\n<p><strong><mark style=\"background-color:rgba(0, 0, 0, 0);color:#b20066\" class=\"has-inline-color\"><a href=\"https:\/\/puistossa.fi\/\" target=\"_blank\" rel=\"noreferrer noopener\">puistossa.fi<\/a><\/mark><\/strong><em> Peurunka, Laukaa<\/em>, <strong><mark style=\"background-color:rgba(0, 0, 0, 0);color:#b20066\" class=\"has-inline-color\"><a href=\"https:\/\/www.perille.fi\/fi?utm_source=perille-blog&amp;utm_medium=link&amp;utm_campaign=festarit-2023&amp;to=laukaa\" target=\"_blank\" rel=\"noreferrer noopener\">L\u00f6yd\u00e4 bussit ja junat<\/a><\/mark><\/strong><\/p>\n\n\n\n<h3>Qstock&nbsp;28\u201329.7.2023<\/h3>\n\n\n\n<p>Qstock on hein\u00e4kuun viimeisen\u00e4 viikonloppuna j\u00e4rjestett\u00e4v\u00e4 musiikkifestivaali Oulussa. T\u00e4n\u00e4 vuonna &nbsp;se viett\u00e4\u00e4 20-vuotisjuhlavuottaan.  Esiintym\u00e4ss\u00e4 mm. Megadeth, VV (Ville Valo), Apulanta, BESS,Turmion k\u00e4til\u00f6t, J. Karjalainen, Kissa, Radiopuhelimet, Stam1na, Ellie Goulding, Alma, Battle Beast, D-A-D, Costee, Epica, Erika Vikman, Ida Paul &amp; Kalle Lindroth, Isac Elliot, Olavi Uusivirta, Popeda, The 69 Eyes, Michael Monroe ja Lauri Haav.<\/p>\n\n\n\n<p><strong><mark style=\"background-color:rgba(0, 0, 0, 0);color:#b20066\" class=\"has-inline-color\"><a href=\"https:\/\/qstock.fi\/\" target=\"_blank\" rel=\"noreferrer noopener\">qstock.fi<\/a><\/mark><\/strong><em> Kuusisaaren ja Raatin alue, Oulu<\/em>, <strong><mark style=\"background-color:rgba(0, 0, 0, 0);color:#b20066\" class=\"has-inline-color\"><a href=\"https:\/\/www.perille.fi\/fi?utm_source=perille-blog&amp;utm_medium=link&amp;utm_campaign=festarit-2023&amp;to=oulu\" target=\"_blank\" rel=\"noreferrer noopener\">L\u00f6yd\u00e4 bussit ja junat<\/a><\/mark><\/strong><\/p>\n\n\n\n<figure class=\"wp-block-image size-full\"><img data-attachment-id=\"4074\" data-permalink=\"https:\/\/wp.perille.fi\/index.php\/2023\/03\/29\/kesan-2023-festarit\/festari_3-1-1\/\" data-orig-file=\"https:\/\/i0.wp.com\/wp.perille.fi\/wp-content\/uploads\/2023\/03\/Festari_3.1-1.png?fit=1024%2C640&amp;ssl=1\" data-orig-size=\"1024,640\" data-comments-opened=\"1\" data-image-meta=\"{&quot;aperture&quot;:&quot;0&quot;,&quot;credit&quot;:&quot;&quot;,&quot;camera&quot;:&quot;&quot;,&quot;caption&quot;:&quot;&quot;,&quot;created_timestamp&quot;:&quot;0&quot;,&quot;copyright&quot;:&quot;&quot;,&quot;focal_length&quot;:&quot;0&quot;,&quot;iso&quot;:&quot;0&quot;,&quot;shutter_speed&quot;:&quot;0&quot;,&quot;title&quot;:&quot;&quot;,&quot;orientation&quot;:&quot;0&quot;}\" data-image-title=\"Festari_3.1-1\" data-image-description=\"\" data-image-caption=\"\" data-medium-file=\"https:\/\/i0.wp.com\/wp.perille.fi\/wp-content\/uploads\/2023\/03\/Festari_3.1-1.png?fit=300%2C188&amp;ssl=1\" data-large-file=\"https:\/\/i0.wp.com\/wp.perille.fi\/wp-content\/uploads\/2023\/03\/Festari_3.1-1.png?fit=986%2C616&amp;ssl=1\" loading=\"lazy\" width=\"986\" height=\"616\" src=\"https:\/\/i0.wp.com\/www.perille.fi\/blog\/wp-content\/uploads\/2023\/03\/Festari_3.1-1.png?resize=986%2C616&#038;ssl=1\" alt=\"\" class=\"wp-image-4074\" title=\"Kes\u00e4tapahtumat 2021\" srcset=\"https:\/\/i0.wp.com\/wp.perille.fi\/wp-content\/uploads\/2023\/03\/Festari_3.1-1.png?w=1024&amp;ssl=1 1024w, https:\/\/i0.wp.com\/wp.perille.fi\/wp-content\/uploads\/2023\/03\/Festari_3.1-1.png?resize=300%2C188&amp;ssl=1 300w, https:\/\/i0.wp.com\/wp.perille.fi\/wp-content\/uploads\/2023\/03\/Festari_3.1-1.png?resize=768%2C480&amp;ssl=1 768w\" sizes=\"(max-width: 986px) 100vw, 986px\" data-recalc-dims=\"1\" \/><\/figure>\n\n\n\n<h2>Festarit elokuussa 2023<\/h2>\n\n\n\n<h3>EP\u00c4JOHDONMUKAISTEN TANSSIAISET 2.\u20135.8.2023<\/h3>\n\n\n\n<p>Ep\u00e4johdonmukaisten tanssiaiset j\u00e4rjestet\u00e4\u00e4n Rukaj\u00e4rven hyl\u00e4tyll\u00e4 golfkent\u00e4ll\u00e4 Kuusamossa 2.-.5.8.2023. Esiintym\u00e4ss\u00e4 mm. Spiritualized, Brian Jonestown Massacre, Reykjavikurdaetur,&nbsp;Faust, Dungen, Bernard Butler, Rozi Plain,&nbsp;Aavikko, Acid Symphony Orchestra, Come Inside, Lau Nau + Pekko K\u00e4ppi,&nbsp;Jimi Tenor Band, Elsa T\u00f6lli, Elsi Sloan &amp; monta monta muuta!<\/p>\n\n\n\n<p><strong><mark style=\"background-color:rgba(0, 0, 0, 0);color:#b20066\" class=\"has-inline-color\"><a href=\"https:\/\/www.siltakemmakat.com\/\">epikset.fi<\/a><\/mark><\/strong>,&nbsp;<em>Kuusamo<\/em>,&nbsp;<strong><mark style=\"background-color:rgba(0, 0, 0, 0);color:#b20066\" class=\"has-inline-color\"><a href=\"https:\/\/www.perille.fi\/fi?utm_source=perille-blog&amp;utm_medium=link&amp;utm_campaign=festarit-2023&amp;to=kuusamo\" target=\"_blank\" rel=\"noreferrer noopener\">L\u00f6yd\u00e4 bussit ja junat<\/a><\/mark><\/strong><\/p>\n\n\n\n<h3>PUUMALAN SILTAKEMMAKAT 3.\u20135.8.2023<\/h3>\n\n\n\n<p>Siltakemmakoiden t\u00e4m\u00e4n vuoden teemana on bileet. Tapahtuma-alue on reilut 5000m2 ja lavalle nousee 17 artistia tai yhtyett\u00e4 muun muassa Erika Vikman, Abreu, Kasmir, Jannika B., K\u00e4\u00e4rij\u00e4, Ramses II, E-Rotic, Waldo, La Bouche, Mr. President, Movetron, E-type, joten luvassa on takuulla hyv\u00e4 bileet!<\/p>\n\n\n\n<p><strong><mark style=\"background-color:rgba(0, 0, 0, 0);color:#b20066\" class=\"has-inline-color\"><a href=\"https:\/\/www.siltakemmakat.com\/\">siltakemmakat.com<\/a><\/mark><\/strong>,&nbsp;<em>Puumala<\/em>,&nbsp;<strong><mark style=\"background-color:rgba(0, 0, 0, 0);color:#b20066\" class=\"has-inline-color\"><a href=\"https:\/\/www.perille.fi\/fi?utm_source=perille-blog&amp;utm_medium=link&amp;utm_campaign=festarit-2023&amp;to=puumala\" target=\"_blank\" rel=\"noreferrer noopener\">L\u00f6yd\u00e4 bussit ja junat<\/a><\/mark><\/strong><\/p>\n\n\n\n<h3>VAASA FESTIVAL 3.\u20135.8.2023<\/h3>\n\n\n\n<p>Kolmip\u00e4iv\u00e4inen suurfestari Vaasa Festival \u2013 Music, Food &amp; Wine j\u00e4rjestet\u00e4\u00e4n elokuussa Vaasan sis\u00e4satamassa! T\u00e4\u00e4ll\u00e4 voit nauttia festaritunnelmasta, upeista esiintyjist\u00e4 ja monipuolisesta ohjelmasta kauniissa merenranta- ja puistomilj\u00f6\u00f6ss\u00e4.&nbsp;Esiintym\u00e4ss\u00e4 on huippunimi\u00e4, muun muassa Samu Haber, Lauri T\u00e4hk\u00e4, Apulanta, Juha Tapio, Tommi L\u00e4ntinen, Eva Dahlgren, Elonkerjuu, K\u00e4\u00e4rij\u00e4, Anna Puu, Popeda, Happoradio ja Erika Vikman.<\/p>\n\n\n\n<p><strong><mark style=\"background-color:rgba(0, 0, 0, 0);color:#b20066\" class=\"has-inline-color\"><a href=\"https:\/\/vaasafestival.fi\/\">vaasafestival.fi<\/a><\/mark><\/strong>,&nbsp;<em>Vaasan Sis\u00e4satama<\/em>, <strong><mark style=\"background-color:rgba(0, 0, 0, 0);color:#b20066\" class=\"has-inline-color\"><a href=\"https:\/\/www.perille.fi\/fi?utm_source=perille-blog&amp;utm_medium=link&amp;utm_campaign=festarit-2023&amp;to=vaasa\" target=\"_blank\" rel=\"noreferrer noopener\">L\u00f6yd\u00e4 bussit ja junat<\/a><\/mark><\/strong><\/p>\n\n\n\n<h3>POWER FESTIVAL 4.\u20135.8.2023<\/h3>\n\n\n\n<p>Power Festival on energinen festivaali, joka rantautuu J\u00e4rvenp\u00e4\u00e4n rantapuistoon 4.-5. elokuuta 2023. Festivaali tarjoaa loppukes\u00e4n huipennuksen, jossa n\u00e4hd\u00e4\u00e4n kotimaisia huippuartisteja, sek\u00e4 my\u00f6s kansainv\u00e4lisi\u00e4 tunnettuja nimi\u00e4:&nbsp;INNA, Kasmir, Alexandra&nbsp;Stan, Olli&nbsp;Halonen, Isac&nbsp;Elliot ja Mouhous.<\/p>\n\n\n\n<p><mark style=\"background-color:rgba(0, 0, 0, 0);color:#b20066\" class=\"has-inline-color\"><strong><a href=\"https:\/\/powerfestival.fi\/\" target=\"_blank\" rel=\"noreferrer noopener\">powerfestival.fi<\/a><\/strong><\/mark>, <em>J\u00e4rvenp\u00e4\u00e4n rantapuisto<\/em>, <em>J\u00e4rvenp\u00e4\u00e4<\/em>, <strong><mark style=\"background-color:rgba(0, 0, 0, 0);color:#b20066\" class=\"has-inline-color\"><a href=\"https:\/\/www.perille.fi\/fi?utm_source=perille-blog&amp;utm_medium=link&amp;utm_campaign=festarit-2023&amp;to=j\u00e4rvenp\u00e4\u00e4\" target=\"_blank\" rel=\"noreferrer noopener\">L\u00f6yd\u00e4 bussit ja junat<\/a><\/mark><\/strong><\/p>\n\n\n\n<h3><mark style=\"background-color:rgba(0, 0, 0, 0)\" class=\"has-inline-color has-black-color\">Weekend<\/mark> 4.\u20135.8.2023<\/h3>\n\n\n\n<p>Weekend Festival tuo kes\u00e4n suosituimmat bileet takaisin p\u00e4\u00e4kaupunkiseudulle, 4.-5. elokuuta Vermon tapahtumapuistoon. Weekendin esiintyj\u00e4kattaus on laajentunut my\u00f6s elektronisen musiikin ulkopuolelle. T\u00e4n\u00e4 vuonna Weekendiss\u00e4 n\u00e4hd\u00e4\u00e4n mm. Martin Garrix, David Guetta, Hardwell, Headhunterz ja Korolova. <\/p>\n\n\n\n<p><strong><mark style=\"background-color:rgba(0, 0, 0, 0);color:#b20066\" class=\"has-inline-color\"><a href=\"https:\/\/www.wknd.fi\/\" target=\"_blank\" rel=\"noreferrer noopener\">wknd.fi<\/a><\/mark><\/strong>,&nbsp;<em>Vermon Tapahtumapuistossa, Espoo<\/em>, <mark style=\"background-color:rgba(0, 0, 0, 0);color:#b20066\" class=\"has-inline-color\"><strong><a href=\"https:\/\/www.perille.fi\/fi?utm_source=perille-blog&amp;utm_medium=link&amp;utm_campaign=festarit-2023&amp;to=espoo\" target=\"_blank\" rel=\"noreferrer noopener\">L\u00f6yd\u00e4 bussit ja junat<\/a><\/strong><\/mark><\/p>\n\n\n\n<h3>PORISPERE PORI 4.-5.8.2023<\/h3>\n\n\n\n<p>Kirjurinluodon upeaan festivaalikeitaaseen karauttaa kahden p\u00e4iv\u00e4n aikana per\u00e4ti 27 artistia. Esiintym\u00e4ss\u00e4 mm. Within Temptation, Airbourne, Beast In Black, Gettomasa, Klamydia ja The Rasmus.<\/p>\n\n\n\n<p><strong><mark style=\"background-color:rgba(0, 0, 0, 0);color:#b20066\" class=\"has-inline-color\"><a href=\"http:\/\/www.porispere.fi\/\" target=\"_blank\" rel=\"noreferrer noopener\">porispere.fi<\/a><\/mark><\/strong>, <em>Kirjurinluoto, Pori<\/em>, <strong><mark style=\"background-color:rgba(0, 0, 0, 0);color:#b20066\" class=\"has-inline-color\"><a href=\"https:\/\/www.perille.fi\/fi?utm_source=perille-blog&amp;utm_medium=link&amp;utm_campaign=festarit-2023&amp;to=pori\" target=\"_blank\" rel=\"noreferrer noopener\">L\u00f6yd\u00e4 bussit ja junat<\/a><\/mark><\/strong><\/p>\n\n\n\n<h3>SaariHelvetti 4.-5.8.2023<\/h3>\n\n\n\n<p>SaariHelvetti metallifestivaalia juhlistetaan Tampereen luonnonkauniissa Viikinsaaressa 4.8. \u2013 5.8.2023. Moonspell, Rotting Christ, Diablo Swing Orchestra, Harakiri for the Sky, Decapitated, Turmion K\u00e4til\u00f6t, Vorna, L\u00e4hi\u00f6botox ja Lost Society. Oheisohjelmana n\u00e4hd\u00e4\u00e4n mm. Netta Skog, Bat &amp; Ryyd, Rock n\u2019 Twerk, Speed Dating in Hell ja Tampere Burlesque.<\/p>\n\n\n\n<p><strong><mark style=\"background-color:rgba(0, 0, 0, 0);color:#b20066\" class=\"has-inline-color\"><a href=\"https:\/\/saarihelvetti.fi\/\" target=\"_blank\" rel=\"noreferrer noopener\">saarihelvetti.fi<\/a><\/mark><\/strong>, <em>Viikinsaari, Tampere<\/em>, <strong><mark style=\"background-color:rgba(0, 0, 0, 0);color:#b20066\" class=\"has-inline-color\"><a href=\"https:\/\/www.perille.fi\/fi?utm_source=perille-blog&amp;utm_medium=link&amp;utm_campaign=festarit-2023&amp;to=tampere\" target=\"_blank\" rel=\"noreferrer noopener\">L\u00f6yd\u00e4 bussit ja junat<\/a><\/mark><\/strong><\/p>\n\n\n\n<h3>TAMPEREEN SAARIHELVETTI 4.\u20135.8.2023<\/h3>\n\n\n\n<p>Tampereen kes\u00e4n raskaimman festivaalin esiintyji\u00e4 elokuussa ovat muun muassa Diablo Swing Orchestra, Harakiri for the Sky, Moonspell, Left Suotana, Mustan Kuun Lapset ja Vorna. Viikinsaaressa Pyh\u00e4j\u00e4rven keskell\u00e4 ollaan j\u00e4lleen valmiina ottamaan vastaan hurjimmat metallip\u00e4\u00e4t!<\/p>\n\n\n\n<p><strong><mark style=\"background-color:rgba(0, 0, 0, 0);color:#b20066\" class=\"has-inline-color\"><a href=\"https:\/\/saarihelvetti.fi\/\">saarihelvetti.fi<\/a><\/mark><\/strong>,&nbsp;<em>Viikinsaari, Tampere<\/em>,<a href=\"https:\/\/www.perille.fi\/fi\"><strong> <\/strong><\/a><strong><mark style=\"background-color:rgba(0, 0, 0, 0);color:#b20066\" class=\"has-inline-color\"><a href=\"https:\/\/www.perille.fi\/fi?utm_source=perille-blog&amp;utm_medium=link&amp;utm_campaign=festarit-2023&amp;to=tampere\" target=\"_blank\" rel=\"noreferrer noopener\">L\u00f6yd\u00e4 bussit ja junat<\/a><\/mark><\/strong><\/p>\n\n\n\n<h3>KOTKAN DARK RIVER FESTIVAL 10.\u201312.8.2023<\/h3>\n\n\n\n<p>Persoonallinen metallifestivaali Dark River Festival tulee j\u00e4lleen, ja se j\u00e4rjestet\u00e4\u00e4n Kotkassa. Vuosi toisensa t\u00e4m\u00e4 ihastuttava tapahtuma kutsuu raskaan musiikin yst\u00e4v\u00e4t Honkalan metsiin viett\u00e4m\u00e4\u00e4n maan l\u00e4mminhenkisi\u00e4 kes\u00e4nlopettajaisia. Lavalle nousevat t\u00e4n\u00e4 vuonna muun muassa Dark Tranquillity, The Haunted, Stam1na, Turmion K\u00e4til\u00f6t, Balance Breach ja I Am The Night.<\/p>\n\n\n\n<p><strong><span style=\"color:#b20066\" class=\"has-inline-color\"><a href=\"https:\/\/darkriverfestival.com\" target=\"_blank\" rel=\"noreferrer noopener\">darkriverfestival.com<\/a><\/span><\/strong> <em>Honkala, Kotka,<\/em>&nbsp;<a href=\"https:\/\/www.perille.fi\/fi\"><strong><span style=\"color:#b20066\" class=\"has-inline-color\">L\u00f6yd\u00e4 bussit ja junat<\/span><\/strong><\/a><\/p>\n\n\n\n<h3>RAUMA BLUES 10.\u201312.8.2023<\/h3>\n\n\n\n<p>Rauma Blues on vuosittain hein\u00e4kuussa Raumalla j\u00e4rjestett\u00e4v\u00e4 blues-musiikin festivaali. Torstain 10.8. ja perjantain 11.8. bluesklubit tarjoilevat bluesia laidasta laitaan ymp\u00e4ri kaupunkia ravintoloissa ja kahviloissa. Lauantain 12.8. p\u00e4\u00e4tapahtumaa juhlitaan j\u00e4lleen teltta-areenalla Rauman ydinkeskustassa tutun tunnelmallisissa merkeiss\u00e4. Luvassa on totuttuun tapaan sek\u00e4 kansainv\u00e4lisi\u00e4 ett\u00e4 kotimaisia juurimusiikin huippuartisteja ja -kokoonpanoja. P\u00e4\u00e4konsertiss\u00e4 (12.8.) esiintyv\u00e4t Robert Finley, Erja Lyytinen, Harlem Lake ja AT\u2019s Roots &amp; Ramblin\u2019.<\/p>\n\n\n\n<p><strong><mark style=\"background-color:rgba(0, 0, 0, 0);color:#b20066\" class=\"has-inline-color\"><a href=\"https:\/\/raumablues.fi\/\" target=\"_blank\" rel=\"noreferrer noopener\">raumablues.fi<\/a><\/mark><\/strong>, <em>Kanavakatu, Rauma,<\/em> <strong><mark style=\"background-color:rgba(0, 0, 0, 0);color:#b20066\" class=\"has-inline-color\"><a href=\"https:\/\/www.perille.fi\/fi?utm_source=perille-blog&amp;utm_medium=link&amp;utm_campaign=festarit-2023&amp;to=rauma\" target=\"_blank\" rel=\"noreferrer noopener\">L\u00f6yd\u00e4 bussit ja junat<\/a><\/mark><\/strong><\/p>\n\n\n\n<h3>HELLSINKI METAL FESTIVAL 11.\u201312.8.2023<\/h3>\n\n\n\n<p>Uusi Hellsinki Metal Festival vahvistaa Helsingin asemaa maailman metallip\u00e4\u00e4kaupunkina. Jyrkemm\u00e4n metallin yst\u00e4v\u00e4t kokoontuvat 11.\u201312. elokuuta 2023 Nordikselle. Esiintym\u00e4ss\u00e4 mm. Emperor, Clawfinger, Blind Guardian, Bury Tomorrow, Sodom, Voivod, Samael, Pentagram, Fit For an Autopsy ja Terveet K\u00e4det.<\/p>\n\n\n\n<p><span><mark style=\"background-color:rgba(0, 0, 0, 0)\" class=\"has-inline-color\"><a href=\"https:\/\/www.hellsinkimetalfestival.fi\/\"><strong>hellsinkimetalfestival.fi<\/strong><\/a><\/mark><\/span> <em>Helsingin j\u00e4\u00e4halli, Helsinki,<\/em> <strong><mark style=\"background-color:rgba(0, 0, 0, 0);color:#b20066\" class=\"has-inline-color\"><a href=\"https:\/\/www.perille.fi\/fi?utm_source=perille-blog&amp;utm_medium=link&amp;utm_campaign=festarit-2023&amp;to=helsinki\" target=\"_blank\" rel=\"noreferrer noopener\">L\u00f6yd\u00e4 bussit ja junat&nbsp;<\/a><\/mark><\/strong><\/p>\n\n\n\n<h3>HIMOS METAL FESTIVAL 11.\u201312.8.2023<\/h3>\n\n\n\n<p>Viime kes\u00e4n\u00e4 ensimm\u00e4ist\u00e4 kertaa j\u00e4rjestetty Himos Metal Festival sai yleis\u00f6lt\u00e4 ja esiintyjilt\u00e4 positiivisen vastaanoton. Himos Metal Festival saa jatkoa t\u00e4n\u00e4 vuonna elokuun pimeneviss\u00e4 illoissa 11.-12.8.2023. Esiintym\u00e4ss\u00e4 mm. Helloween, VV, Apocalyptica, Mokoma, The 69 Eyes, Viikate, Reckless Love, Battle Beast, Blind Channel, Stam1na, Diablo ja Lost Society.<\/p>\n\n\n\n<p><span><mark style=\"background-color:rgba(0, 0, 0, 0)\" class=\"has-inline-color\"><a href=\"https:\/\/kaukaselofolk.fi\/\"><strong>himosmetalfestival.fi<\/strong><\/a><\/mark><\/span> <em>Himos Park, J\u00e4ms\u00e4,<\/em> <strong><mark style=\"background-color:rgba(0, 0, 0, 0);color:#b20066\" class=\"has-inline-color\"><a href=\"https:\/\/www.perille.fi\/fi?utm_source=perille-blog&amp;utm_medium=link&amp;utm_campaign=festarit-2023&amp;to=j\u00e4ms\u00e4\">L\u00f6yd\u00e4 bussit ja junat&nbsp;<\/a><\/mark><\/strong><\/p>\n\n\n\n<h3>KAUKAS EloFolk 11.\u201312.8.2023<\/h3>\n\n\n\n<p>Hyvink\u00e4\u00e4n Kaukasin Juhlatalon&nbsp;EloFolk-konserttien j\u00e4rjest\u00e4misest\u00e4 vastaa&nbsp;Kaukasten kulttuuriyhdistys&nbsp;Vanun Voima ry&nbsp;yhteisty\u00f6ss\u00e4&nbsp;Kaukasten asukasyhdistyksen&nbsp;kanssa. Esiintym\u00e4ss\u00e4 mm. Linko, Trio T\u00f6rn, Tanssit, Saima ja Huutokatrilli.<\/p>\n\n\n\n<p><span><mark style=\"background-color:rgba(0, 0, 0, 0)\" class=\"has-inline-color\"><a href=\"https:\/\/kaukaselofolk.fi\/\"><strong>kaukaselofolk.fi<\/strong><\/a><\/mark><\/span> <em>Kaukasten juhlatalo, Hyvink\u00e4\u00e4,<\/em> <strong><mark style=\"background-color:rgba(0, 0, 0, 0);color:#b20066\" class=\"has-inline-color\"><a href=\"https:\/\/www.perille.fi\/fi?utm_source=perille-blog&amp;utm_medium=link&amp;utm_campaign=festarit-2023&amp;to=hyvink\u00e4\u00e4\" target=\"_blank\" rel=\"noreferrer noopener\">L\u00f6yd\u00e4 bussit ja junat\u00a0<\/a><\/mark><\/strong><\/p>\n\n\n\n<h3>Solar Sound Festival 11.\u201312.8.2023<\/h3>\n\n\n\n<p>Kaupunkifestivaali Solar Sound Festival valtaa Sein\u00e4joen OmaSp Stadionin j\u00e4lleen ensi kes\u00e4n\u00e4 11.-12.8.2023. Stadion t\u00e4yttyy musiikillisen ohjelman lis\u00e4ksi monipuolisella juoma- ja ruokamaailmalla. Esiintym\u00e4ss\u00e4 mm. Ti\u00ebsto, Gasellit, Mikael Gabriel, Petri Nyg\u00e5rd, AHTI, Nebi, Fabe, Ramses II, Isac Elliot, Costi, Mouhous, Etta, VIIVI, Blacflaco, Korelon ja Ege Zulu.<\/p>\n\n\n\n<p><span><mark style=\"background-color:rgba(0, 0, 0, 0)\" class=\"has-inline-color\"><strong><a href=\"https:\/\/solarsound.fi\/\" target=\"_blank\" rel=\"noreferrer noopener\">solarsound.fi<\/a><\/strong><\/mark><\/span> <em>Alasein\u00e4joenkatu 10, Sein\u00e4joki,<\/em> <strong><mark style=\"background-color:rgba(0, 0, 0, 0);color:#b20066\" class=\"has-inline-color\"><a href=\"https:\/\/www.perille.fi\/fi?utm_source=perille-blog&amp;utm_medium=link&amp;utm_campaign=festarit-2023&amp;to=sein\u00e4joki\" target=\"_blank\" rel=\"noreferrer noopener\">L\u00f6yd\u00e4 bussit ja junat\u00a0<\/a><\/mark><\/strong><\/p>\n\n\n\n<h3>TAGi on POP 11.\u201312.8.2023<\/h3>\n\n\n\n<p>TAGi on POP -festarit j\u00e4rjestet\u00e4\u00e4n ensimm\u00e4ist\u00e4 kertaa 2-p\u00e4iv\u00e4isen\u00e4 11.\u201312.8.2023 tutussa paikassa Tapiola Golfissa Espoossa.&nbsp;Festarit juontaa raudankova moniosaaja&nbsp;Sami Kuronen. Esiintym\u00e4ss\u00e4 mm. KUUMAA, Lapinlahden Linnut, Laura Voutilainen, Happoradio, Ilta ja Popeda.<\/p>\n\n\n\n<p><span><mark style=\"background-color:rgba(0, 0, 0, 0)\" class=\"has-inline-color\"><strong><a href=\"https:\/\/www.tagionpop.fi\/\" target=\"_blank\" rel=\"noreferrer noopener\">tagionpop.fi<\/a><\/strong><\/mark><\/span> <em>Turveradantie 17, Espoo,<\/em> <strong><mark style=\"background-color:rgba(0, 0, 0, 0);color:#b20066\" class=\"has-inline-color\"><a href=\"https:\/\/www.perille.fi\/fi?utm_source=perille-blog&amp;utm_medium=link&amp;utm_campaign=festarit-2023&amp;to=espoo\" target=\"_blank\" rel=\"noreferrer noopener\">L\u00f6yd\u00e4 bussit ja junat<\/a><\/mark><\/strong><\/p>\n\n\n\n<h3>TURUN AURA FEST 11.\u201312.8.2023<\/h3>\n\n\n\n<p>Urbaanin-, pop- ja edm- musiikin kaupunkifestivaali Aura Fest tuo ainutlaatuisen festivaaliel\u00e4myksen Turun Kupittaanpuistoon. Lavalle nousee kaksip\u00e4iv\u00e4isen festivaalin aikana muun muassa Ti\u00ebsto, Gettomasa, Sexmane, Isac Elliot, Gasellit, Cledos, Viivi, Mikael Gabriel, Jambo ja Ege Zulu. Festivaali on&nbsp;kokonaisuudessaan ik\u00e4rajaltaan K18.<\/p>\n\n\n\n<p><strong><mark style=\"background-color:rgba(0, 0, 0, 0);color:#b20066\" class=\"has-inline-color\"><a href=\"https:\/\/aurafest.fi\/\">aurafest.fi<\/a><\/mark><\/strong>,&nbsp;<em>Kupittaanpuisto, Turku<\/em>, <strong><mark style=\"background-color:rgba(0, 0, 0, 0);color:#b20066\" class=\"has-inline-color\"><a href=\"https:\/\/www.perille.fi\/fi?utm_source=perille-blog&amp;utm_medium=link&amp;utm_campaign=festarit-2023&amp;to=turku\" target=\"_blank\" rel=\"noreferrer noopener\">L\u00f6yd\u00e4 bussit ja junat<\/a><\/mark><\/strong><\/p>\n\n\n\n<h3>FLOW FESTIVAL 11.\u201313.8.2023<\/h3>\n\n\n\n<p>Flow\u2019n lavalla n\u00e4hd\u00e4\u00e4n joukko kansainv\u00e4lisi\u00e4 supert\u00e4hti\u00e4, kulttilegendoja, indie-suosikkeja sek\u00e4 lukuisia erikoiskeikkoja. Esiintym\u00e4ss\u00e4 mm. Blur, Wizkid, Christine and the Queens, Pusha T, Litku Klemetti Viihdeorkesteri, Pehmoaino ja Sofa.<\/p>\n\n\n\n<p><strong><mark style=\"background-color:rgba(0, 0, 0, 0);color:#b20066\" class=\"has-inline-color\"><a href=\"https:\/\/aurafest.fi\/\">flowfesti<\/a><a href=\"https:\/\/www.flowfestival.com\/\">val.com<\/a><\/mark><\/strong>,&nbsp;<em>Suvilahti, Helsinki<\/em>, <strong><mark style=\"background-color:rgba(0, 0, 0, 0);color:#b20066\" class=\"has-inline-color\"><a href=\"https:\/\/www.perille.fi\/fi?utm_source=perille-blog&amp;utm_medium=link&amp;utm_campaign=festarit-2023&amp;to=helsinki\" target=\"_blank\" rel=\"noreferrer noopener\">L\u00f6yd\u00e4 bussit ja junat<\/a><\/mark><\/strong><\/p>\n\n\n\n<h3>BLOCKFEST 18.-19.8.2023<\/h3>\n\n\n\n<p>Blockfest \u2013 Pohjoismaiden suurin hiphop-festivaali valtaa j\u00e4lleen Tampereen Ratinan stadionin ja Ratinanniemen tapahtumapuiston 18.\u201319.8.2023. Kaupunkiin tuodaan polttavan ajankohtaiset ja kiinnostavimmat kansainv\u00e4liset sek\u00e4 kotimaiset artistit huippu lineupin muodossa. Esiintym\u00e4ss\u00e4 mm. Playboi&nbsp;Carti, Ice Spice, Lil Tjay, Mikael Gabriel, Lauri Haav, Pihlaja, Jambo, Melo, KPC Show, Bizi, Akon, Raye, Bladee, Gettomasa, Sexmane ja Costi.&nbsp;&nbsp;&nbsp;&nbsp;<\/p>\n\n\n\n<p><strong><mark style=\"background-color:rgba(0, 0, 0, 0);color:#b20066\" class=\"has-inline-color\"><a href=\"http:\/\/www.kuuskasoi.fi\/\">blockfest.fi<\/a><\/mark><\/strong>,&nbsp;<em>Tampere<\/em>, <strong><mark style=\"background-color:rgba(0, 0, 0, 0);color:#b20066\" class=\"has-inline-color\"><a href=\"https:\/\/www.perille.fi\/fi?utm_source=perille-blog&amp;utm_medium=link&amp;utm_campaign=festarit-2023&amp;to=tampere\" target=\"_blank\" rel=\"noreferrer noopener\">L\u00f6yd\u00e4 bussit ja junat<\/a><\/mark><\/strong><\/p>\n\n\n\n<h3>Raasepori Festival 18.-19.8.2023<\/h3>\n\n\n\n<p>Kaksikielinen Raasepori Festival j\u00e4rjestet\u00e4\u00e4n elokuun puoliv\u00e4liss\u00e4 18.-19.8.2023 Tammisaaren Stall\u00f6rinpuistossa. Raasepori Festival on ik\u00e4rajaltaan K18. Esiintym\u00e4ss\u00e4 mm. Gyllene Tiderin, Bonnie Tyler,&nbsp;Sanna Nielsen,&nbsp;KAJ ja&nbsp;One Desire.&nbsp;&nbsp;&nbsp;<\/p>\n\n\n\n<p><strong><mark style=\"background-color:rgba(0, 0, 0, 0);color:#b20066\" class=\"has-inline-color\"><a href=\"https:\/\/raaseporifestival.fi\/\" target=\"_blank\" rel=\"noreferrer noopener\">raaseporifestivaali.fi<\/a><\/mark><\/strong>,&nbsp;<em>Stall\u00f6rinpuisto, Kartanonkatu 1, Tammisaari<\/em>, <strong><mark style=\"background-color:rgba(0, 0, 0, 0);color:#b20066\" class=\"has-inline-color\"><a href=\"https:\/\/www.perille.fi\/fi?utm_source=perille-blog&amp;utm_medium=link&amp;utm_campaign=festarit-2023&amp;to=tammisaari\" target=\"_blank\" rel=\"noreferrer noopener\">L\u00f6yd\u00e4 bussit ja junat<\/a><\/mark><\/strong><\/p>\n\n\n\n<figure class=\"wp-block-image size-full\"><img data-attachment-id=\"4072\" data-permalink=\"https:\/\/wp.perille.fi\/index.php\/2023\/03\/29\/kesan-2023-festarit\/festari_2-1\/\" data-orig-file=\"https:\/\/i0.wp.com\/wp.perille.fi\/wp-content\/uploads\/2023\/03\/Festari_2.1.png?fit=1024%2C640&amp;ssl=1\" data-orig-size=\"1024,640\" data-comments-opened=\"1\" data-image-meta=\"{&quot;aperture&quot;:&quot;0&quot;,&quot;credit&quot;:&quot;&quot;,&quot;camera&quot;:&quot;&quot;,&quot;caption&quot;:&quot;&quot;,&quot;created_timestamp&quot;:&quot;0&quot;,&quot;copyright&quot;:&quot;&quot;,&quot;focal_length&quot;:&quot;0&quot;,&quot;iso&quot;:&quot;0&quot;,&quot;shutter_speed&quot;:&quot;0&quot;,&quot;title&quot;:&quot;&quot;,&quot;orientation&quot;:&quot;0&quot;}\" data-image-title=\"Festari_2.1\" data-image-description=\"\" data-image-caption=\"\" data-medium-file=\"https:\/\/i0.wp.com\/wp.perille.fi\/wp-content\/uploads\/2023\/03\/Festari_2.1.png?fit=300%2C188&amp;ssl=1\" data-large-file=\"https:\/\/i0.wp.com\/wp.perille.fi\/wp-content\/uploads\/2023\/03\/Festari_2.1.png?fit=986%2C616&amp;ssl=1\" loading=\"lazy\" width=\"986\" height=\"616\" src=\"https:\/\/i0.wp.com\/www.perille.fi\/blog\/wp-content\/uploads\/2023\/03\/Festari_2.1.png?resize=986%2C616&#038;ssl=1\" alt=\"\" class=\"wp-image-4072\" srcset=\"https:\/\/i0.wp.com\/wp.perille.fi\/wp-content\/uploads\/2023\/03\/Festari_2.1.png?w=1024&amp;ssl=1 1024w, https:\/\/i0.wp.com\/wp.perille.fi\/wp-content\/uploads\/2023\/03\/Festari_2.1.png?resize=300%2C188&amp;ssl=1 300w, https:\/\/i0.wp.com\/wp.perille.fi\/wp-content\/uploads\/2023\/03\/Festari_2.1.png?resize=768%2C480&amp;ssl=1 768w\" sizes=\"(max-width: 986px) 100vw, 986px\" data-recalc-dims=\"1\" \/><\/figure>\n\n\n\n<hr class=\"wp-block-separator\"\/>\n\n\n\n<h2>L\u00f6yd\u00e4 helposti bussit ja junat sek\u00e4 osta liput kes\u00e4n 2023 festareille!<\/h2>\n\n\n\n<p class=\"has-medium-font-size\"><strong><mark style=\"background-color:rgba(0, 0, 0, 0);color:#b20066\" class=\"has-inline-color\"><a href=\"https:\/\/www.perille.fi\/fi?utm_source=perille-blog&amp;utm_medium=link&amp;utm_campaign=festarit-2021-nama-festarit-on-suunnitteilla-tana-kesana\">Perille.fi<\/a>&#8211;<\/mark><\/strong>palvelusta haet n\u00e4pp\u00e4r\u00e4sti reitit ja aikataulut, vertaat matkojen hintoja ja ymp\u00e4rist\u00f6vaikutuksia, l\u00f6yd\u00e4t sopivimman matkan sek\u00e4 ostat bussi- ja junaliput kes\u00e4n 2023 festareille ja kes\u00e4tapahtumiin. Kun sy\u00f6t\u00e4t matkahakuun tapahtuman osoitteen sek\u00e4 haluamasi matkustusp\u00e4iv\u00e4m\u00e4\u00e4r\u00e4t, l\u00f6yd\u00e4t parhaan matkavaihtoehdon.<\/p>\n\n\n\n<h2 class=\"has-text-align-center\">Aurinkoista ja turvallista festarikes\u00e4\u00e4 sek\u00e4 turvallista matkaa perille!<\/h2>\n\n\n\n<div style=\"text-align:center;\" width:250px;border-radius:3px;padding:0;margin:0\"=\"\"><iframe loading=\"lazy\" src=\"https:\/\/www.perille.fi\/fi\/perillewidget?&amp;c1x=0&amp;c1y=-100&amp;c2x=0&amp;c2y=-100&amp;a1h=200&amp;a2h=200&amp;a1w=230&amp;a2w=230&amp;destination=;site=perille.fi\" title=\"Widget\" height=\"300px\" width=\"250px\" scrolling=\"no\" style=\"border-radius:3px;border:none\"><\/iframe><span style=\"text-align:center;font-size:12px;display:block;color:black\"><a href=\"https:\/\/www.perille.fi\/fi?utm_source=perille-blog&amp;utm_medium=widget&amp;utm_campaign=festarit-2021-nama-festarit-on-suunnitteilla-tana-kesana\" target=\"_blank\" style=\"color:#0074c2;text-decoration:none\" rel=\"noopener noreferrer\">\u00a9 perille.fi<\/a><\/span><\/div>\n","protected":false},"excerpt":{"rendered":"<p>Kes\u00e4n 2023 festarit ja kes\u00e4tapahtumat k\u00e4tev\u00e4sti yhteenkoottuna!&nbsp;Kun matkustat kes\u00e4n tapahtumiin, hae paras matka Perille.fi-palvelun avulla. T\u00e4m\u00e4 artikkeli on p\u00e4ivitettyu 1.6.2023 ja tarkistimme festareiden tilanteen t\u00e4ll\u00f6in. Kannattaa varmistaa festareiden toteutuminen j\u00e4rjest\u00e4jien nettisivuilta, josta l\u00f6ytyy ajankohtaisin tieto. Yleinen k\u00e4yt\u00e4nt\u00f6 festareilla on, ett\u00e4 festareiden peruuntuessa lipusta voi saada rahat takaisin tai lipun voi k\u00e4ytt\u00e4\u00e4 seuraavana vuonna.<\/p>\n<h5 class=\"read-more\"><a href=\"https:\/\/wp.perille.fi\/index.php\/2023\/03\/29\/kesan-2023-festarit\/\">Read More<\/a><\/h5>","protected":false},"author":1,"featured_media":4125,"comment_status":"open","ping_status":"open","sticky":false,"template":"","format":"standard","meta":{"_mi_skip_tracking":false,"spay_email":"","jetpack_publicize_message":"","jetpack_is_tweetstorm":false,"jetpack_publicize_feature_enabled":true},"categories":[3],"tags":[184,306,43,301,133,55,33],"yoast_head":"<!-- This site is optimized with the Yoast SEO plugin v18.8 - https:\/\/yoast.com\/wordpress\/plugins\/seo\/ -->\n<title>Kes\u00e4n 2023 festarit &ndash; Perille-blogi<\/title>\n<meta name=\"description\" content=\"Perille-matkablogista l\u00f6yd\u00e4t tarinoita reissaamisesta, kokemisen arvoisista matkakohteista sek\u00e4 vinkkej\u00e4 sujuvaan matkustamiseen.\" \/>\n<meta name=\"robots\" content=\"index, follow, max-snippet:-1, max-image-preview:large, max-video-preview:-1\" \/>\n<link rel=\"canonical\" href=\"https:\/\/wp.perille.fi\/index.php\/2023\/03\/29\/kesan-2023-festarit\/\" \/>\n<meta property=\"og:locale\" content=\"en_GB\" \/>\n<meta property=\"og:type\" content=\"article\" \/>\n<meta property=\"og:title\" content=\"Kes\u00e4n 2023 festarit &ndash; Perille-blogi\" \/>\n<meta property=\"og:description\" content=\"Perille-matkablogista l\u00f6yd\u00e4t tarinoita reissaamisesta, kokemisen arvoisista matkakohteista sek\u00e4 vinkkej\u00e4 sujuvaan matkustamiseen.\" \/>\n<meta property=\"og:url\" content=\"https:\/\/wp.perille.fi\/index.php\/2023\/03\/29\/kesan-2023-festarit\/\" \/>\n<meta property=\"og:site_name\" content=\"Perille-blogi\" \/>\n<meta property=\"article:publisher\" content=\"https:\/\/www.facebook.com\/perille\/\" \/>\n<meta property=\"article:published_time\" content=\"2023-03-29T05:04:12+00:00\" \/>\n<meta property=\"article:modified_time\" content=\"2023-06-05T08:49:37+00:00\" \/>\n<meta property=\"og:image\" content=\"https:\/\/i0.wp.com\/wp.perille.fi\/wp-content\/uploads\/2023\/03\/Festari_4.1_txt_kesan_2023_festarit.png?fit=1024%2C640&#038;ssl=1\" \/>\n\t<meta property=\"og:image:width\" content=\"1024\" \/>\n\t<meta property=\"og:image:height\" content=\"640\" \/>\n\t<meta property=\"og:image:type\" content=\"image\/png\" \/>\n<meta name=\"twitter:card\" content=\"summary_large_image\" \/>\n<meta name=\"twitter:creator\" content=\"@perille_fi\" \/>\n<meta name=\"twitter:site\" content=\"@perille_fi\" \/>\n<meta name=\"twitter:label1\" content=\"Written by\" \/>\n\t<meta name=\"twitter:data1\" content=\"Perille\" \/>\n\t<meta name=\"twitter:label2\" content=\"Estimated reading time\" \/>\n\t<meta name=\"twitter:data2\" content=\"17 minutes\" \/>\n<script type=\"application\/ld+json\" class=\"yoast-schema-graph\">{\"@context\":\"https:\/\/schema.org\",\"@graph\":[{\"@type\":\"Organization\",\"@id\":\"https:\/\/wp.perille.fi\/#organization\",\"name\":\"Perille\",\"url\":\"https:\/\/wp.perille.fi\/\",\"sameAs\":[\"https:\/\/www.facebook.com\/perille\/\",\"https:\/\/www.instagram.com\/perille_fi\/\",\"https:\/\/twitter.com\/perille_fi\"],\"logo\":{\"@type\":\"ImageObject\",\"inLanguage\":\"en-GB\",\"@id\":\"https:\/\/wp.perille.fi\/#\/schema\/logo\/image\/\",\"url\":\"https:\/\/i0.wp.com\/wp.perille.fi\/wp-content\/uploads\/2017\/01\/1024_logo_center_shadow.png?fit=1024%2C1024&ssl=1\",\"contentUrl\":\"https:\/\/i0.wp.com\/wp.perille.fi\/wp-content\/uploads\/2017\/01\/1024_logo_center_shadow.png?fit=1024%2C1024&ssl=1\",\"width\":1024,\"height\":1024,\"caption\":\"Perille\"},\"image\":{\"@id\":\"https:\/\/wp.perille.fi\/#\/schema\/logo\/image\/\"}},{\"@type\":\"WebSite\",\"@id\":\"https:\/\/wp.perille.fi\/#website\",\"url\":\"https:\/\/wp.perille.fi\/\",\"name\":\"Perille.fi -matkablogi\",\"description\":\"\",\"publisher\":{\"@id\":\"https:\/\/wp.perille.fi\/#organization\"},\"potentialAction\":[{\"@type\":\"SearchAction\",\"target\":{\"@type\":\"EntryPoint\",\"urlTemplate\":\"https:\/\/wp.perille.fi\/?s={search_term_string}\"},\"query-input\":\"required name=search_term_string\"}],\"inLanguage\":\"en-GB\"},{\"@type\":\"ImageObject\",\"inLanguage\":\"en-GB\",\"@id\":\"https:\/\/wp.perille.fi\/index.php\/2023\/03\/29\/kesan-2023-festarit\/#primaryimage\",\"url\":\"https:\/\/i0.wp.com\/wp.perille.fi\/wp-content\/uploads\/2023\/03\/Festari_4.1_txt_kesan_2023_festarit.png?fit=1024%2C640&ssl=1\",\"contentUrl\":\"https:\/\/i0.wp.com\/wp.perille.fi\/wp-content\/uploads\/2023\/03\/Festari_4.1_txt_kesan_2023_festarit.png?fit=1024%2C640&ssl=1\",\"width\":1024,\"height\":640,\"caption\":\"summer festival, kes\u00e4festari\"},{\"@type\":\"WebPage\",\"@id\":\"https:\/\/wp.perille.fi\/index.php\/2023\/03\/29\/kesan-2023-festarit\/#webpage\",\"url\":\"https:\/\/wp.perille.fi\/index.php\/2023\/03\/29\/kesan-2023-festarit\/\",\"name\":\"Kes\u00e4n 2023 festarit &ndash; Perille-blogi\",\"isPartOf\":{\"@id\":\"https:\/\/wp.perille.fi\/#website\"},\"primaryImageOfPage\":{\"@id\":\"https:\/\/wp.perille.fi\/index.php\/2023\/03\/29\/kesan-2023-festarit\/#primaryimage\"},\"datePublished\":\"2023-03-29T05:04:12+00:00\",\"dateModified\":\"2023-06-05T08:49:37+00:00\",\"description\":\"Perille-matkablogista l\u00f6yd\u00e4t tarinoita reissaamisesta, kokemisen arvoisista matkakohteista sek\u00e4 vinkkej\u00e4 sujuvaan matkustamiseen.\",\"breadcrumb\":{\"@id\":\"https:\/\/wp.perille.fi\/index.php\/2023\/03\/29\/kesan-2023-festarit\/#breadcrumb\"},\"inLanguage\":\"en-GB\",\"potentialAction\":[{\"@type\":\"ReadAction\",\"target\":[\"https:\/\/wp.perille.fi\/index.php\/2023\/03\/29\/kesan-2023-festarit\/\"]}]},{\"@type\":\"BreadcrumbList\",\"@id\":\"https:\/\/wp.perille.fi\/index.php\/2023\/03\/29\/kesan-2023-festarit\/#breadcrumb\",\"itemListElement\":[{\"@type\":\"ListItem\",\"position\":1,\"name\":\"Home\",\"item\":\"https:\/\/wp.perille.fi\/\"},{\"@type\":\"ListItem\",\"position\":2,\"name\":\"Kes\u00e4n 2023 festarit\"}]},{\"@type\":\"Article\",\"@id\":\"https:\/\/wp.perille.fi\/index.php\/2023\/03\/29\/kesan-2023-festarit\/#article\",\"isPartOf\":{\"@id\":\"https:\/\/wp.perille.fi\/index.php\/2023\/03\/29\/kesan-2023-festarit\/#webpage\"},\"author\":{\"@id\":\"https:\/\/wp.perille.fi\/#\/schema\/person\/13300e8d2783266f49fc70b6be9728af\"},\"headline\":\"Kes\u00e4n 2023 festarit\",\"datePublished\":\"2023-03-29T05:04:12+00:00\",\"dateModified\":\"2023-06-05T08:49:37+00:00\",\"mainEntityOfPage\":{\"@id\":\"https:\/\/wp.perille.fi\/index.php\/2023\/03\/29\/kesan-2023-festarit\/#webpage\"},\"wordCount\":4463,\"commentCount\":0,\"publisher\":{\"@id\":\"https:\/\/wp.perille.fi\/#organization\"},\"image\":{\"@id\":\"https:\/\/wp.perille.fi\/index.php\/2023\/03\/29\/kesan-2023-festarit\/#primaryimage\"},\"thumbnailUrl\":\"https:\/\/i0.wp.com\/wp.perille.fi\/wp-content\/uploads\/2023\/03\/Festari_4.1_txt_kesan_2023_festarit.png?fit=1024%2C640&ssl=1\",\"keywords\":[\"bussiliput\",\"festarit\",\"julkinen liikenne\",\"junaliput\",\"kes\u00e4festarit\",\"kotimaan matkailu\",\"matkailu\"],\"articleSection\":[\"Matkailu\"],\"inLanguage\":\"en-GB\",\"potentialAction\":[{\"@type\":\"CommentAction\",\"name\":\"Comment\",\"target\":[\"https:\/\/wp.perille.fi\/index.php\/2023\/03\/29\/kesan-2023-festarit\/#respond\"]}]},{\"@type\":\"Person\",\"@id\":\"https:\/\/wp.perille.fi\/#\/schema\/person\/13300e8d2783266f49fc70b6be9728af\",\"name\":\"Perille\",\"image\":{\"@type\":\"ImageObject\",\"inLanguage\":\"en-GB\",\"@id\":\"https:\/\/wp.perille.fi\/#\/schema\/person\/image\/\",\"url\":\"https:\/\/secure.gravatar.com\/avatar\/73524e1005b9dcd2d0074ae47b61f78b?s=96&d=mm&r=g\",\"contentUrl\":\"https:\/\/secure.gravatar.com\/avatar\/73524e1005b9dcd2d0074ae47b61f78b?s=96&d=mm&r=g\",\"caption\":\"Perille\"}}]}<\/script>\n<!-- \/ Yoast SEO plugin. -->","yoast_head_json":{"title":"Kes\u00e4n 2023 festarit &ndash; Perille-blogi","description":"Perille-matkablogista l\u00f6yd\u00e4t tarinoita reissaamisesta, kokemisen arvoisista matkakohteista sek\u00e4 vinkkej\u00e4 sujuvaan matkustamiseen.","robots":{"index":"index","follow":"follow","max-snippet":"max-snippet:-1","max-image-preview":"max-image-preview:large","max-video-preview":"max-video-preview:-1"},"canonical":"https:\/\/wp.perille.fi\/index.php\/2023\/03\/29\/kesan-2023-festarit\/","og_locale":"en_GB","og_type":"article","og_title":"Kes\u00e4n 2023 festarit &ndash; Perille-blogi","og_description":"Perille-matkablogista l\u00f6yd\u00e4t tarinoita reissaamisesta, kokemisen arvoisista matkakohteista sek\u00e4 vinkkej\u00e4 sujuvaan matkustamiseen.","og_url":"https:\/\/wp.perille.fi\/index.php\/2023\/03\/29\/kesan-2023-festarit\/","og_site_name":"Perille-blogi","article_publisher":"https:\/\/www.facebook.com\/perille\/","article_published_time":"2023-03-29T05:04:12+00:00","article_modified_time":"2023-06-05T08:49:37+00:00","og_image":[{"width":1024,"height":640,"url":"https:\/\/i0.wp.com\/wp.perille.fi\/wp-content\/uploads\/2023\/03\/Festari_4.1_txt_kesan_2023_festarit.png?fit=1024%2C640&ssl=1","type":"image\/png"}],"twitter_card":"summary_large_image","twitter_creator":"@perille_fi","twitter_site":"@perille_fi","twitter_misc":{"Written by":"Perille","Estimated reading time":"17 minutes"},"schema":{"@context":"https:\/\/schema.org","@graph":[{"@type":"Organization","@id":"https:\/\/wp.perille.fi\/#organization","name":"Perille","url":"https:\/\/wp.perille.fi\/","sameAs":["https:\/\/www.facebook.com\/perille\/","https:\/\/www.instagram.com\/perille_fi\/","https:\/\/twitter.com\/perille_fi"],"logo":{"@type":"ImageObject","inLanguage":"en-GB","@id":"https:\/\/wp.perille.fi\/#\/schema\/logo\/image\/","url":"https:\/\/i0.wp.com\/wp.perille.fi\/wp-content\/uploads\/2017\/01\/1024_logo_center_shadow.png?fit=1024%2C1024&ssl=1","contentUrl":"https:\/\/i0.wp.com\/wp.perille.fi\/wp-content\/uploads\/2017\/01\/1024_logo_center_shadow.png?fit=1024%2C1024&ssl=1","width":1024,"height":1024,"caption":"Perille"},"image":{"@id":"https:\/\/wp.perille.fi\/#\/schema\/logo\/image\/"}},{"@type":"WebSite","@id":"https:\/\/wp.perille.fi\/#website","url":"https:\/\/wp.perille.fi\/","name":"Perille.fi -matkablogi","description":"","publisher":{"@id":"https:\/\/wp.perille.fi\/#organization"},"potentialAction":[{"@type":"SearchAction","target":{"@type":"EntryPoint","urlTemplate":"https:\/\/wp.perille.fi\/?s={search_term_string}"},"query-input":"required name=search_term_string"}],"inLanguage":"en-GB"},{"@type":"ImageObject","inLanguage":"en-GB","@id":"https:\/\/wp.perille.fi\/index.php\/2023\/03\/29\/kesan-2023-festarit\/#primaryimage","url":"https:\/\/i0.wp.com\/wp.perille.fi\/wp-content\/uploads\/2023\/03\/Festari_4.1_txt_kesan_2023_festarit.png?fit=1024%2C640&ssl=1","contentUrl":"https:\/\/i0.wp.com\/wp.perille.fi\/wp-content\/uploads\/2023\/03\/Festari_4.1_txt_kesan_2023_festarit.png?fit=1024%2C640&ssl=1","width":1024,"height":640,"caption":"summer festival, kes\u00e4festari"},{"@type":"WebPage","@id":"https:\/\/wp.perille.fi\/index.php\/2023\/03\/29\/kesan-2023-festarit\/#webpage","url":"https:\/\/wp.perille.fi\/index.php\/2023\/03\/29\/kesan-2023-festarit\/","name":"Kes\u00e4n 2023 festarit &ndash; Perille-blogi","isPartOf":{"@id":"https:\/\/wp.perille.fi\/#website"},"primaryImageOfPage":{"@id":"https:\/\/wp.perille.fi\/index.php\/2023\/03\/29\/kesan-2023-festarit\/#primaryimage"},"datePublished":"2023-03-29T05:04:12+00:00","dateModified":"2023-06-05T08:49:37+00:00","description":"Perille-matkablogista l\u00f6yd\u00e4t tarinoita reissaamisesta, kokemisen arvoisista matkakohteista sek\u00e4 vinkkej\u00e4 sujuvaan matkustamiseen.","breadcrumb":{"@id":"https:\/\/wp.perille.fi\/index.php\/2023\/03\/29\/kesan-2023-festarit\/#breadcrumb"},"inLanguage":"en-GB","potentialAction":[{"@type":"ReadAction","target":["https:\/\/wp.perille.fi\/index.php\/2023\/03\/29\/kesan-2023-festarit\/"]}]},{"@type":"BreadcrumbList","@id":"https:\/\/wp.perille.fi\/index.php\/2023\/03\/29\/kesan-2023-festarit\/#breadcrumb","itemListElement":[{"@type":"ListItem","position":1,"name":"Home","item":"https:\/\/wp.perille.fi\/"},{"@type":"ListItem","position":2,"name":"Kes\u00e4n 2023 festarit"}]},{"@type":"Article","@id":"https:\/\/wp.perille.fi\/index.php\/2023\/03\/29\/kesan-2023-festarit\/#article","isPartOf":{"@id":"https:\/\/wp.perille.fi\/index.php\/2023\/03\/29\/kesan-2023-festarit\/#webpage"},"author":{"@id":"https:\/\/wp.perille.fi\/#\/schema\/person\/13300e8d2783266f49fc70b6be9728af"},"headline":"Kes\u00e4n 2023 festarit","datePublished":"2023-03-29T05:04:12+00:00","dateModified":"2023-06-05T08:49:37+00:00","mainEntityOfPage":{"@id":"https:\/\/wp.perille.fi\/index.php\/2023\/03\/29\/kesan-2023-festarit\/#webpage"},"wordCount":4463,"commentCount":0,"publisher":{"@id":"https:\/\/wp.perille.fi\/#organization"},"image":{"@id":"https:\/\/wp.perille.fi\/index.php\/2023\/03\/29\/kesan-2023-festarit\/#primaryimage"},"thumbnailUrl":"https:\/\/i0.wp.com\/wp.perille.fi\/wp-content\/uploads\/2023\/03\/Festari_4.1_txt_kesan_2023_festarit.png?fit=1024%2C640&ssl=1","keywords":["bussiliput","festarit","julkinen liikenne","junaliput","kes\u00e4festarit","kotimaan matkailu","matkailu"],"articleSection":["Matkailu"],"inLanguage":"en-GB","potentialAction":[{"@type":"CommentAction","name":"Comment","target":["https:\/\/wp.perille.fi\/index.php\/2023\/03\/29\/kesan-2023-festarit\/#respond"]}]},{"@type":"Person","@id":"https:\/\/wp.perille.fi\/#\/schema\/person\/13300e8d2783266f49fc70b6be9728af","name":"Perille","image":{"@type":"ImageObject","inLanguage":"en-GB","@id":"https:\/\/wp.perille.fi\/#\/schema\/person\/image\/","url":"https:\/\/secure.gravatar.com\/avatar\/73524e1005b9dcd2d0074ae47b61f78b?s=96&d=mm&r=g","contentUrl":"https:\/\/secure.gravatar.com\/avatar\/73524e1005b9dcd2d0074ae47b61f78b?s=96&d=mm&r=g","caption":"Perille"}}]}},"jetpack_featured_media_url":"https:\/\/i0.wp.com\/wp.perille.fi\/wp-content\/uploads\/2023\/03\/Festari_4.1_txt_kesan_2023_festarit.png?fit=1024%2C640&ssl=1","jetpack_publicize_connections":[],"jetpack_sharing_enabled":true,"jetpack_shortlink":"https:\/\/wp.me\/p8oFPa-12O","jetpack-related-posts":[{"id":3905,"url":"https:\/\/wp.perille.fi\/index.php\/2021\/04\/13\/festarit-2021-nama-festarit-on-suunnitteilla-tana-kesana\/","url_meta":{"origin":4018,"position":0},"title":"Festarit 2021 \u2013 n\u00e4m\u00e4 festarit ovat t\u00e4n\u00e4 kes\u00e4n\u00e4 suunnitteilla","date":"13th April 2021","format":false,"excerpt":"N\u00e4m\u00e4 kes\u00e4n 2021 festarit ja kes\u00e4tapahtumat ovat suunnitteilla t\u00e4n\u00e4 vuonna ja toivomme, ett\u00e4 ne toteutuvat!\u00a0Kun matkustat kes\u00e4n tapahtumiin, hae paras matka Perille.fi-palvelun avulla. Suomen kes\u00e4tapahtumat vuonna 2021 ovat kaiken kaikkiaan viel\u00e4 varsin ep\u00e4varmoja, sill\u00e4 tulevan kes\u00e4n koronatilannetta on vaikea ennustaa. Koska uutisissa on jo hiukan toiveikkuutta, on mahdollista, ett\u00e4 moni\u2026","rel":"","context":"","img":{"alt_text":"Festivaalit 2021","src":"https:\/\/i0.wp.com\/wp.perille.fi\/wp-content\/uploads\/2021\/04\/Festarit-2021.png?fit=1200%2C750&ssl=1&resize=512%2C540","width":512,"height":540},"classes":[]},{"id":3191,"url":"https:\/\/wp.perille.fi\/index.php\/2020\/07\/13\/festarit-2020-nama-tapahtumat-ja-kesafestarit-toteutuvat-tana-kesana\/","url_meta":{"origin":4018,"position":1},"title":"Festarit 2020 \u2013 n\u00e4m\u00e4 tapahtumat ja kes\u00e4festarit toteutuvat t\u00e4n\u00e4 kes\u00e4n\u00e4","date":"13th July 2020","format":false,"excerpt":"Listasimme Suomen kes\u00e4festarit ja -tapahtumat, joiden toteutuminen t\u00e4n\u00e4 poikkeuksellisena kes\u00e4n\u00e4 on varmistunut. Kes\u00e4 on jo pitk\u00e4ll\u00e4 ja festarikausi alkanut, mutta monet kes\u00e4festarit ovat viel\u00e4 edess\u00e4. Katso perusteellinen lista, johon on koottu hauskimmat konsertit, tapahtumat ja festarit 2020 kes\u00e4lle! Menevimm\u00e4t konsertit ja festarit 2020 kes\u00e4ll\u00e4 Kaikkia kes\u00e4n hauskuuksia ei todellakaan ole\u2026","rel":"","context":"","img":{"alt_text":"","src":"https:\/\/i0.wp.com\/wp.perille.fi\/wp-content\/uploads\/2020\/07\/perille_blogi_festarit_2020.png?fit=800%2C500&ssl=1&resize=512%2C540","width":512,"height":540},"classes":[]},{"id":3981,"url":"https:\/\/wp.perille.fi\/index.php\/2022\/05\/14\/kesan-2022-festarit\/","url_meta":{"origin":4018,"position":2},"title":"Kes\u00e4n 2022 festarit","date":"14th May 2022","format":false,"excerpt":"Kes\u00e4n 2022 festarit ja kes\u00e4tapahtumat k\u00e4tev\u00e4sti yhteenkoottuna!\u00a0Kun matkustat kes\u00e4n tapahtumiin, hae paras matka Perille.fi-palvelun avulla. T\u00e4m\u00e4 artikkeli on julkaistu 14.5.2022 ja tarkistimme festareiden tilanteen t\u00e4ll\u00f6in. Kannattaa varmistaa festareiden toteutuminen j\u00e4rjest\u00e4jien nettisivuilta, josta l\u00f6ytyy ajankohtaisin tieto. Yleinen k\u00e4yt\u00e4nt\u00f6 festareilla on, ett\u00e4 festareiden peruuntuessa lipusta voi saada rahat takaisin tai lipun voi\u2026","rel":"","context":"","img":{"alt_text":"Festivaalit 2021","src":"https:\/\/i0.wp.com\/wp.perille.fi\/wp-content\/uploads\/2021\/04\/Festarit-2021.png?fit=1200%2C750&ssl=1&resize=512%2C540","width":512,"height":540},"classes":[]},{"id":4710,"url":"https:\/\/wp.perille.fi\/index.php\/2025\/02\/24\/kesan-2025-festarit\/","url_meta":{"origin":4018,"position":3},"title":"Kes\u00e4n 2025 festarit","date":"24th February 2025","format":false,"excerpt":"Kes\u00e4n 2025 festarit ja kes\u00e4tapahtumat k\u00e4tev\u00e4sti yhteenkoottuna!\u00a0Kun matkustat kes\u00e4n tapahtumiin, hae paras matka Perille.fi-palvelun avulla. T\u00e4m\u00e4 artikkeli on p\u00e4ivitetty 4.5.2025 ja tarkistimme festareiden tilanteen t\u00e4ll\u00f6in. Kannattaa varmistaa festareiden toteutuminen j\u00e4rjest\u00e4jien nettisivuilta, josta l\u00f6ytyy ajankohtaisin tieto. Yleinen k\u00e4yt\u00e4nt\u00f6 festareilla on, ett\u00e4 festareiden peruuntuessa lipusta voi saada rahat takaisin tai lipun voi\u2026","rel":"","context":"","img":{"alt_text":"","src":"https:\/\/i0.wp.com\/wp.perille.fi\/wp-content\/uploads\/2025\/02\/festival-3466251_1920_crop_1024x640px.png?fit=1024%2C640&ssl=1&resize=512%2C540","width":512,"height":540},"classes":[]},{"id":2861,"url":"https:\/\/wp.perille.fi\/index.php\/2019\/07\/09\/kesateatterit-2019-kuusi-teatteritarppia-kotimaassa-lomailevalle\/","url_meta":{"origin":4018,"position":4},"title":"Kes\u00e4teatterit 2019 &#8211; Kuusi teatterit\u00e4rppi\u00e4 kotimaassa lomailevalle","date":"9th July 2019","format":false,"excerpt":"Monty Pythonin Spamalot n\u00e4hd\u00e4\u00e4n T\u00f6rn\u00e4v\u00e4n kes\u00e4teatterissa. Kuva: Jukka Kontkanen, Sein\u00e4joen Kaupunginteatteri Kes\u00e4teatterit ovat kohteita, joihin jokaisen kotimaassa lomailevan kannattaa suunnata ainakin kerran kes\u00e4ss\u00e4! Ulkoilmateatterissa esitetty n\u00e4ytelm\u00e4 tai musikaali on nimitt\u00e4in mahtava tapa nauttia kulttuurista ja luonnosta samassa paketissa. Teattereita ja kiinnostavia esityksi\u00e4 l\u00f6ytyy ymp\u00e4ri maata ja useimmat sopivat koko perheelle.\u2026","rel":"","context":"","img":{"alt_text":"","src":"https:\/\/i0.wp.com\/wp.perille.fi\/wp-content\/uploads\/2019\/07\/Spamalot_Seina\u0308joen-kaupunginteatteri_kuva-Jukka-Kontkanen.jpg?fit=1200%2C791&ssl=1&resize=512%2C540","width":512,"height":540},"classes":[]},{"id":4435,"url":"https:\/\/wp.perille.fi\/index.php\/2023\/06\/20\/osta-liput-lautalle-vallisaareen-pihlajasaareen-ja-suomenlinnaan-helposti\/","url_meta":{"origin":4018,"position":5},"title":"Osta liput lautalle Vallisaareen, Pihlajasaareen ja Suomenlinnaan helposti","date":"20th June 2023","format":false,"excerpt":"Kuva \u00a9 Svetlana Koivunen Perille.fi on Suomen kattavin matkalippupalvelu, joka tarjoaa nyt my\u00f6s lauttaliput saaristokuljetuksiin Vallisaareen, Pihlajasaareen ja Suomenlinnaan ilman sovelluslatauksia. Lippujen ostaminen\u00a0Perille-palvelun kautta on todella helppoa ja nopeaa, sill\u00e4 sinun ei tarvitse rekister\u00f6ity\u00e4 tai ladata sovellusta vaan voit ostaa n\u00e4pp\u00e4r\u00e4sti lauttaliput etusivun Lautat-v\u00e4lilehdest\u00e4 tai suoraan osoitteesta local.perille.fi\/lautat. N\u00e4in helposti\u2026","rel":"","context":"","img":{"alt_text":"","src":"https:\/\/i0.wp.com\/wp.perille.fi\/wp-content\/uploads\/2023\/06\/1024x640px_crop_lauta_Vallisaari_Svetlana-Koivunen.png?fit=1024%2C640&ssl=1&resize=512%2C540","width":512,"height":540},"classes":[]}],"_links":{"self":[{"href":"https:\/\/wp.perille.fi\/index.php\/wp-json\/wp\/v2\/posts\/4018"}],"collection":[{"href":"https:\/\/wp.perille.fi\/index.php\/wp-json\/wp\/v2\/posts"}],"about":[{"href":"https:\/\/wp.perille.fi\/index.php\/wp-json\/wp\/v2\/types\/post"}],"author":[{"embeddable":true,"href":"https:\/\/wp.perille.fi\/index.php\/wp-json\/wp\/v2\/users\/1"}],"replies":[{"embeddable":true,"href":"https:\/\/wp.perille.fi\/index.php\/wp-json\/wp\/v2\/comments?post=4018"}],"version-history":[{"count":71,"href":"https:\/\/wp.perille.fi\/index.php\/wp-json\/wp\/v2\/posts\/4018\/revisions"}],"predecessor-version":[{"id":4429,"href":"https:\/\/wp.perille.fi\/index.php\/wp-json\/wp\/v2\/posts\/4018\/revisions\/4429"}],"wp:featuredmedia":[{"embeddable":true,"href":"https:\/\/wp.perille.fi\/index.php\/wp-json\/wp\/v2\/media\/4125"}],"wp:attachment":[{"href":"https:\/\/wp.perille.fi\/index.php\/wp-json\/wp\/v2\/media?parent=4018"}],"wp:term":[{"taxonomy":"category","embeddable":true,"href":"https:\/\/wp.perille.fi\/index.php\/wp-json\/wp\/v2\/categories?post=4018"},{"taxonomy":"post_tag","embeddable":true,"href":"https:\/\/wp.perille.fi\/index.php\/wp-json\/wp\/v2\/tags?post=4018"}],"curies":[{"name":"wp","href":"https:\/\/api.w.org\/{rel}","templated":true}]}}